{"id":56,"date":"2022-09-01T13:07:24","date_gmt":"2022-09-01T11:07:24","guid":{"rendered":"http:\/\/renopro.org\/realisations\/?p=56"},"modified":"2023-03-16T08:20:55","modified_gmt":"2023-03-16T07:20:55","slug":"renovation-apres-incendie","status":"publish","type":"post","link":"https:\/\/renopro.org\/realisations\/2022\/09\/01\/renovation-apres-incendie\/","title":{"rendered":"PROCHE AMIENS &#8211; RENOVATION D&rsquo;UNE MAISON APRES INCENDIE"},"content":{"rendered":"\n<p>R\u00e9novation compl\u00e8te d&rsquo;une maison type ami\u00e9noise avec extension sur l&rsquo;arri\u00e8re apr\u00e8s incendie \u00e0 Flixecourt pr\u00e8s d&rsquo;Amiens. Toiture neuve sur la moiti\u00e9 de la maison. R\u00e9seau \u00e9lectrique enti\u00e8rement refait, R\u00e9seau d&rsquo;arriv\u00e9e et d&rsquo;\u00e9vacuation de eaux us\u00e9es refaits \u00e0 neuf, d\u00e9pose d&rsquo;un mur porteur fragilis\u00e9 par les flammes, pose d&rsquo;un IPN, salle d&rsquo;eau neuve, cr\u00e9ation d&rsquo;un grand espace \u00e0 vivre au rez-de-chauss\u00e9e avec entr\u00e9e, sejour-salon et cuisine \u00e0 l&rsquo;am\u00e9ricaine. R\u00e9novation des chambres \u00e0 l&rsquo;\u00e9tage et cr\u00e9ation d&rsquo;un petit institut de beaut\u00e9 dans l&rsquo;ancienne d\u00e9pendance.<\/p>\n\n\n\n<div class=\"wp-block-columns is-layout-flex wp-container-core-columns-is-layout-9d6595d7 wp-block-columns-is-layout-flex\">\n<div class=\"wp-block-column is-layout-flow wp-block-column-is-layout-flow\">\n<figure class=\"wp-block-image size-large\"><img loading=\"lazy\" decoding=\"async\" width=\"1024\" height=\"768\" src=\"https:\/\/renopro.org\/realisations\/wp-content\/uploads\/2022\/11\/ETAT-DES-LIEUX-IV-4-1024x768.jpg\" alt=\"\" class=\"wp-image-204\" srcset=\"https:\/\/renopro.org\/realisations\/wp-content\/uploads\/2022\/11\/ETAT-DES-LIEUX-IV-4-1024x768.jpg 1024w, https:\/\/renopro.org\/realisations\/wp-content\/uploads\/2022\/11\/ETAT-DES-LIEUX-IV-4-300x225.jpg 300w, https:\/\/renopro.org\/realisations\/wp-content\/uploads\/2022\/11\/ETAT-DES-LIEUX-IV-4-768x576.jpg 768w, https:\/\/renopro.org\/realisations\/wp-content\/uploads\/2022\/11\/ETAT-DES-LIEUX-IV-4-1536x1152.jpg 1536w, https:\/\/renopro.org\/realisations\/wp-content\/uploads\/2022\/11\/ETAT-DES-LIEUX-IV-4-2048x1536.jpg 2048w\" sizes=\"auto, (max-width: 1024px) 100vw, 1024px\" \/><figcaption class=\"wp-element-caption\">Apr\u00e8s incendie repose d&rsquo;une toiture en bac acier isol\u00e9 double peau sur la partie extension de la maison<\/figcaption><\/figure>\n\n\n\n<p><\/p>\n<\/div>\n\n\n\n<div class=\"wp-block-column is-layout-flow wp-block-column-is-layout-flow\">\n<figure class=\"wp-block-image size-large\"><img loading=\"lazy\" decoding=\"async\" width=\"1024\" height=\"768\" src=\"https:\/\/renopro.org\/realisations\/wp-content\/uploads\/2022\/11\/ETAT-DES-LIEUX-V-1-1024x768.jpg\" alt=\"\" class=\"wp-image-203\" srcset=\"https:\/\/renopro.org\/realisations\/wp-content\/uploads\/2022\/11\/ETAT-DES-LIEUX-V-1-1024x768.jpg 1024w, https:\/\/renopro.org\/realisations\/wp-content\/uploads\/2022\/11\/ETAT-DES-LIEUX-V-1-300x225.jpg 300w, https:\/\/renopro.org\/realisations\/wp-content\/uploads\/2022\/11\/ETAT-DES-LIEUX-V-1-768x576.jpg 768w, https:\/\/renopro.org\/realisations\/wp-content\/uploads\/2022\/11\/ETAT-DES-LIEUX-V-1-1536x1152.jpg 1536w, https:\/\/renopro.org\/realisations\/wp-content\/uploads\/2022\/11\/ETAT-DES-LIEUX-V-1-2048x1536.jpg 2048w\" sizes=\"auto, (max-width: 1024px) 100vw, 1024px\" \/><figcaption class=\"wp-element-caption\">Toiture refaite \u00e0 neuf &#8211; Mise hors d&rsquo;eau avant de commencer la r\u00e9novation int\u00e9rieure<\/figcaption><\/figure>\n<\/div>\n\n\n\n<div class=\"wp-block-column is-layout-flow wp-block-column-is-layout-flow\">\n<figure class=\"wp-block-image size-large\"><img loading=\"lazy\" decoding=\"async\" width=\"768\" height=\"1024\" src=\"https:\/\/renopro.org\/realisations\/wp-content\/uploads\/2022\/11\/ETAT-DES-LIEUX-II-1-768x1024.jpg\" alt=\"\" class=\"wp-image-205\" srcset=\"https:\/\/renopro.org\/realisations\/wp-content\/uploads\/2022\/11\/ETAT-DES-LIEUX-II-1-768x1024.jpg 768w, https:\/\/renopro.org\/realisations\/wp-content\/uploads\/2022\/11\/ETAT-DES-LIEUX-II-1-225x300.jpg 225w, https:\/\/renopro.org\/realisations\/wp-content\/uploads\/2022\/11\/ETAT-DES-LIEUX-II-1-1152x1536.jpg 1152w, https:\/\/renopro.org\/realisations\/wp-content\/uploads\/2022\/11\/ETAT-DES-LIEUX-II-1-1536x2048.jpg 1536w, https:\/\/renopro.org\/realisations\/wp-content\/uploads\/2022\/11\/ETAT-DES-LIEUX-II-1-scaled.jpg 1920w\" sizes=\"auto, (max-width: 768px) 100vw, 768px\" \/><figcaption class=\"wp-element-caption\">Toiture extension en cours de r\u00e9alisation, pr\u00e9paration des murs de la d\u00e9pendance (futur institut de beaut\u00e9)<\/figcaption><\/figure>\n<\/div>\n<\/div>\n\n\n\n<div class=\"wp-block-columns is-layout-flex wp-container-core-columns-is-layout-9d6595d7 wp-block-columns-is-layout-flex\">\n<div class=\"wp-block-column is-layout-flow wp-block-column-is-layout-flow\">\n<figure class=\"wp-block-image size-large\"><img loading=\"lazy\" decoding=\"async\" width=\"1024\" height=\"768\" src=\"https:\/\/renopro.org\/realisations\/wp-content\/uploads\/2022\/11\/POSE-TOITURE-BAC-ACIER-I-1-1024x768.jpg\" alt=\"\" class=\"wp-image-210\" srcset=\"https:\/\/renopro.org\/realisations\/wp-content\/uploads\/2022\/11\/POSE-TOITURE-BAC-ACIER-I-1-1024x768.jpg 1024w, https:\/\/renopro.org\/realisations\/wp-content\/uploads\/2022\/11\/POSE-TOITURE-BAC-ACIER-I-1-300x225.jpg 300w, https:\/\/renopro.org\/realisations\/wp-content\/uploads\/2022\/11\/POSE-TOITURE-BAC-ACIER-I-1-768x576.jpg 768w, https:\/\/renopro.org\/realisations\/wp-content\/uploads\/2022\/11\/POSE-TOITURE-BAC-ACIER-I-1-1536x1152.jpg 1536w, https:\/\/renopro.org\/realisations\/wp-content\/uploads\/2022\/11\/POSE-TOITURE-BAC-ACIER-I-1-2048x1536.jpg 2048w\" sizes=\"auto, (max-width: 1024px) 100vw, 1024px\" \/><figcaption class=\"wp-element-caption\">Pr\u00e9paration toiture extension et d\u00e9pendance<\/figcaption><\/figure>\n<\/div>\n\n\n\n<div class=\"wp-block-column is-layout-flow wp-block-column-is-layout-flow\">\n<figure class=\"wp-block-image size-large\"><img loading=\"lazy\" decoding=\"async\" width=\"1024\" height=\"768\" src=\"https:\/\/renopro.org\/realisations\/wp-content\/uploads\/2022\/11\/TOITURE-FINIE-1-1024x768.jpg\" alt=\"\" class=\"wp-image-211\" srcset=\"https:\/\/renopro.org\/realisations\/wp-content\/uploads\/2022\/11\/TOITURE-FINIE-1-1024x768.jpg 1024w, https:\/\/renopro.org\/realisations\/wp-content\/uploads\/2022\/11\/TOITURE-FINIE-1-300x225.jpg 300w, https:\/\/renopro.org\/realisations\/wp-content\/uploads\/2022\/11\/TOITURE-FINIE-1-768x576.jpg 768w, https:\/\/renopro.org\/realisations\/wp-content\/uploads\/2022\/11\/TOITURE-FINIE-1-1536x1152.jpg 1536w, https:\/\/renopro.org\/realisations\/wp-content\/uploads\/2022\/11\/TOITURE-FINIE-1-2048x1536.jpg 2048w\" sizes=\"auto, (max-width: 1024px) 100vw, 1024px\" \/><figcaption class=\"wp-element-caption\">Toiture neuves<\/figcaption><\/figure>\n<\/div>\n\n\n\n<div class=\"wp-block-column is-layout-flow wp-block-column-is-layout-flow\">\n<figure class=\"wp-block-image size-large\"><img loading=\"lazy\" decoding=\"async\" width=\"1024\" height=\"768\" src=\"https:\/\/renopro.org\/realisations\/wp-content\/uploads\/2022\/11\/DEPOSE-CLOISONS-ET-ISOLANTS-I-2-1024x768.jpg\" alt=\"\" class=\"wp-image-212\" srcset=\"https:\/\/renopro.org\/realisations\/wp-content\/uploads\/2022\/11\/DEPOSE-CLOISONS-ET-ISOLANTS-I-2-1024x768.jpg 1024w, https:\/\/renopro.org\/realisations\/wp-content\/uploads\/2022\/11\/DEPOSE-CLOISONS-ET-ISOLANTS-I-2-300x225.jpg 300w, https:\/\/renopro.org\/realisations\/wp-content\/uploads\/2022\/11\/DEPOSE-CLOISONS-ET-ISOLANTS-I-2-768x576.jpg 768w, https:\/\/renopro.org\/realisations\/wp-content\/uploads\/2022\/11\/DEPOSE-CLOISONS-ET-ISOLANTS-I-2-1536x1152.jpg 1536w, https:\/\/renopro.org\/realisations\/wp-content\/uploads\/2022\/11\/DEPOSE-CLOISONS-ET-ISOLANTS-I-2-2048x1536.jpg 2048w\" sizes=\"auto, (max-width: 1024px) 100vw, 1024px\" \/><figcaption class=\"wp-element-caption\">Mise \u00e0 nu des murs, d\u00e9pose des cloisons<\/figcaption><\/figure>\n<\/div>\n<\/div>\n\n\n\n<div class=\"wp-block-columns is-layout-flex wp-container-core-columns-is-layout-9d6595d7 wp-block-columns-is-layout-flex\">\n<div class=\"wp-block-column is-layout-flow wp-block-column-is-layout-flow\">\n<figure class=\"wp-block-image size-large is-resized\"><img loading=\"lazy\" decoding=\"async\" src=\"https:\/\/renopro.org\/realisations\/wp-content\/uploads\/2022\/11\/TOITURE-FINIE-COTE-JARDIN-1-1024x768.jpg\" alt=\"\" class=\"wp-image-215\" width=\"256\" height=\"192\" srcset=\"https:\/\/renopro.org\/realisations\/wp-content\/uploads\/2022\/11\/TOITURE-FINIE-COTE-JARDIN-1-1024x768.jpg 1024w, https:\/\/renopro.org\/realisations\/wp-content\/uploads\/2022\/11\/TOITURE-FINIE-COTE-JARDIN-1-300x225.jpg 300w, https:\/\/renopro.org\/realisations\/wp-content\/uploads\/2022\/11\/TOITURE-FINIE-COTE-JARDIN-1-768x576.jpg 768w, https:\/\/renopro.org\/realisations\/wp-content\/uploads\/2022\/11\/TOITURE-FINIE-COTE-JARDIN-1-1536x1152.jpg 1536w, https:\/\/renopro.org\/realisations\/wp-content\/uploads\/2022\/11\/TOITURE-FINIE-COTE-JARDIN-1-2048x1536.jpg 2048w\" sizes=\"auto, (max-width: 256px) 100vw, 256px\" \/><figcaption class=\"wp-element-caption\">Toiture avec reprises d&rsquo;\u00e9tanch\u00e9it\u00e9, ch\u00e9neau, goutti\u00e8re et porte entr\u00e9e futur institut de beaut\u00e9<\/figcaption><\/figure>\n<\/div>\n\n\n\n<div class=\"wp-block-column is-layout-flow wp-block-column-is-layout-flow\">\n<figure class=\"wp-block-image size-large\"><img loading=\"lazy\" decoding=\"async\" width=\"1024\" height=\"768\" src=\"https:\/\/renopro.org\/realisations\/wp-content\/uploads\/2022\/11\/FAUX-PLAFONDS-CLOISONS-ET-2-BAIES-VITREES-COTE-COUR-1024x768.jpg\" alt=\"\" class=\"wp-image-216\" srcset=\"https:\/\/renopro.org\/realisations\/wp-content\/uploads\/2022\/11\/FAUX-PLAFONDS-CLOISONS-ET-2-BAIES-VITREES-COTE-COUR-1024x768.jpg 1024w, https:\/\/renopro.org\/realisations\/wp-content\/uploads\/2022\/11\/FAUX-PLAFONDS-CLOISONS-ET-2-BAIES-VITREES-COTE-COUR-300x225.jpg 300w, https:\/\/renopro.org\/realisations\/wp-content\/uploads\/2022\/11\/FAUX-PLAFONDS-CLOISONS-ET-2-BAIES-VITREES-COTE-COUR-768x576.jpg 768w, https:\/\/renopro.org\/realisations\/wp-content\/uploads\/2022\/11\/FAUX-PLAFONDS-CLOISONS-ET-2-BAIES-VITREES-COTE-COUR-1536x1152.jpg 1536w, https:\/\/renopro.org\/realisations\/wp-content\/uploads\/2022\/11\/FAUX-PLAFONDS-CLOISONS-ET-2-BAIES-VITREES-COTE-COUR-2048x1536.jpg 2048w\" sizes=\"auto, (max-width: 1024px) 100vw, 1024px\" \/><figcaption class=\"wp-element-caption\">Relook de l&rsquo;ancienne cuisine avec une baie vitr\u00e9e donnant sur la cour, un grand ch\u00e2ssis vitr\u00e9 fixe et des spots leds au plafond pour avoir le plus de lumi\u00e8re possible<\/figcaption><\/figure>\n<\/div>\n\n\n\n<div class=\"wp-block-column is-layout-flow wp-block-column-is-layout-flow\">\n<figure class=\"wp-block-image size-large\"><img loading=\"lazy\" decoding=\"async\" width=\"1024\" height=\"768\" src=\"https:\/\/renopro.org\/realisations\/wp-content\/uploads\/2022\/11\/ISOLANTION-ET-PLACO-I-1024x768.jpg\" alt=\"\" class=\"wp-image-217\" srcset=\"https:\/\/renopro.org\/realisations\/wp-content\/uploads\/2022\/11\/ISOLANTION-ET-PLACO-I-1024x768.jpg 1024w, https:\/\/renopro.org\/realisations\/wp-content\/uploads\/2022\/11\/ISOLANTION-ET-PLACO-I-300x225.jpg 300w, https:\/\/renopro.org\/realisations\/wp-content\/uploads\/2022\/11\/ISOLANTION-ET-PLACO-I-768x576.jpg 768w, https:\/\/renopro.org\/realisations\/wp-content\/uploads\/2022\/11\/ISOLANTION-ET-PLACO-I-1536x1152.jpg 1536w, https:\/\/renopro.org\/realisations\/wp-content\/uploads\/2022\/11\/ISOLANTION-ET-PLACO-I-2048x1536.jpg 2048w\" sizes=\"auto, (max-width: 1024px) 100vw, 1024px\" \/><figcaption class=\"wp-element-caption\">Pr\u00e9paration pose isolation et placo dans toutes les pi\u00e8ces<\/figcaption><\/figure>\n\n\n\n<p><\/p>\n<\/div>\n<\/div>\n\n\n\n<div class=\"wp-block-columns is-layout-flex wp-container-core-columns-is-layout-9d6595d7 wp-block-columns-is-layout-flex\">\n<div class=\"wp-block-column is-layout-flow wp-block-column-is-layout-flow\">\n<figure class=\"wp-block-image size-large\"><img loading=\"lazy\" decoding=\"async\" width=\"1024\" height=\"768\" src=\"https:\/\/renopro.org\/realisations\/wp-content\/uploads\/2022\/11\/CHAMBRE-PARENTS-1024x768.jpg\" alt=\"\" class=\"wp-image-218\" srcset=\"https:\/\/renopro.org\/realisations\/wp-content\/uploads\/2022\/11\/CHAMBRE-PARENTS-1024x768.jpg 1024w, https:\/\/renopro.org\/realisations\/wp-content\/uploads\/2022\/11\/CHAMBRE-PARENTS-300x225.jpg 300w, https:\/\/renopro.org\/realisations\/wp-content\/uploads\/2022\/11\/CHAMBRE-PARENTS-768x576.jpg 768w, https:\/\/renopro.org\/realisations\/wp-content\/uploads\/2022\/11\/CHAMBRE-PARENTS-1536x1152.jpg 1536w, https:\/\/renopro.org\/realisations\/wp-content\/uploads\/2022\/11\/CHAMBRE-PARENTS-2048x1536.jpg 2048w\" sizes=\"auto, (max-width: 1024px) 100vw, 1024px\" \/><figcaption class=\"wp-element-caption\">Placo pos\u00e9 et \u00e9lectricit\u00e9 en attente<\/figcaption><\/figure>\n<\/div>\n\n\n\n<div class=\"wp-block-column is-layout-flow wp-block-column-is-layout-flow\">\n<figure class=\"wp-block-image size-large\"><img loading=\"lazy\" decoding=\"async\" width=\"1024\" height=\"768\" src=\"https:\/\/renopro.org\/realisations\/wp-content\/uploads\/2022\/11\/FAUX-PLAFONDS-ET-PLACO-I-1024x768.jpg\" alt=\"\" class=\"wp-image-219\" srcset=\"https:\/\/renopro.org\/realisations\/wp-content\/uploads\/2022\/11\/FAUX-PLAFONDS-ET-PLACO-I-1024x768.jpg 1024w, https:\/\/renopro.org\/realisations\/wp-content\/uploads\/2022\/11\/FAUX-PLAFONDS-ET-PLACO-I-300x225.jpg 300w, https:\/\/renopro.org\/realisations\/wp-content\/uploads\/2022\/11\/FAUX-PLAFONDS-ET-PLACO-I-768x576.jpg 768w, https:\/\/renopro.org\/realisations\/wp-content\/uploads\/2022\/11\/FAUX-PLAFONDS-ET-PLACO-I-1536x1152.jpg 1536w, https:\/\/renopro.org\/realisations\/wp-content\/uploads\/2022\/11\/FAUX-PLAFONDS-ET-PLACO-I-2048x1536.jpg 2048w\" sizes=\"auto, (max-width: 1024px) 100vw, 1024px\" \/><figcaption class=\"wp-element-caption\">Cr\u00e9ation d&rsquo;un petit sas d&rsquo;entr\u00e9e avec verri\u00e8re m\u00e9tallique style atelier<\/figcaption><\/figure>\n<\/div>\n\n\n\n<div class=\"wp-block-column is-layout-flow wp-block-column-is-layout-flow\">\n<figure class=\"wp-block-image size-large\"><img loading=\"lazy\" decoding=\"async\" width=\"768\" height=\"1024\" src=\"https:\/\/renopro.org\/realisations\/wp-content\/uploads\/2022\/11\/MONTEE-ESCALIER-I-1-768x1024.jpg\" alt=\"\" class=\"wp-image-220\" srcset=\"https:\/\/renopro.org\/realisations\/wp-content\/uploads\/2022\/11\/MONTEE-ESCALIER-I-1-768x1024.jpg 768w, https:\/\/renopro.org\/realisations\/wp-content\/uploads\/2022\/11\/MONTEE-ESCALIER-I-1-225x300.jpg 225w, https:\/\/renopro.org\/realisations\/wp-content\/uploads\/2022\/11\/MONTEE-ESCALIER-I-1-1152x1536.jpg 1152w, https:\/\/renopro.org\/realisations\/wp-content\/uploads\/2022\/11\/MONTEE-ESCALIER-I-1-1536x2048.jpg 1536w, https:\/\/renopro.org\/realisations\/wp-content\/uploads\/2022\/11\/MONTEE-ESCALIER-I-1-scaled.jpg 1920w\" sizes=\"auto, (max-width: 768px) 100vw, 768px\" \/><figcaption class=\"wp-element-caption\">Pr\u00e9paration remise en \u00e9tat escalier<\/figcaption><\/figure>\n<\/div>\n<\/div>\n\n\n\n<div class=\"wp-block-columns is-layout-flex wp-container-core-columns-is-layout-9d6595d7 wp-block-columns-is-layout-flex\">\n<div class=\"wp-block-column is-layout-flow wp-block-column-is-layout-flow\">\n<figure class=\"wp-block-image size-large\"><img loading=\"lazy\" decoding=\"async\" width=\"768\" height=\"1024\" src=\"https:\/\/renopro.org\/realisations\/wp-content\/uploads\/2022\/11\/MONTEE-ESCALIER-768x1024.jpg\" alt=\"\" class=\"wp-image-221\" srcset=\"https:\/\/renopro.org\/realisations\/wp-content\/uploads\/2022\/11\/MONTEE-ESCALIER-768x1024.jpg 768w, https:\/\/renopro.org\/realisations\/wp-content\/uploads\/2022\/11\/MONTEE-ESCALIER-225x300.jpg 225w, https:\/\/renopro.org\/realisations\/wp-content\/uploads\/2022\/11\/MONTEE-ESCALIER-1152x1536.jpg 1152w, https:\/\/renopro.org\/realisations\/wp-content\/uploads\/2022\/11\/MONTEE-ESCALIER-1536x2048.jpg 1536w, https:\/\/renopro.org\/realisations\/wp-content\/uploads\/2022\/11\/MONTEE-ESCALIER-scaled.jpg 1920w\" sizes=\"auto, (max-width: 768px) 100vw, 768px\" \/><figcaption class=\"wp-element-caption\">Mont\u00e9e esclaier en cours de r\u00e9novation<\/figcaption><\/figure>\n<\/div>\n\n\n\n<div class=\"wp-block-column is-layout-flow wp-block-column-is-layout-flow\">\n<figure class=\"wp-block-image size-large\"><img loading=\"lazy\" decoding=\"async\" width=\"768\" height=\"1024\" src=\"https:\/\/renopro.org\/realisations\/wp-content\/uploads\/2022\/11\/MONTEE-ESCALIER-FINIE-I-768x1024.jpg\" alt=\"\" class=\"wp-image-222\" srcset=\"https:\/\/renopro.org\/realisations\/wp-content\/uploads\/2022\/11\/MONTEE-ESCALIER-FINIE-I-768x1024.jpg 768w, https:\/\/renopro.org\/realisations\/wp-content\/uploads\/2022\/11\/MONTEE-ESCALIER-FINIE-I-225x300.jpg 225w, https:\/\/renopro.org\/realisations\/wp-content\/uploads\/2022\/11\/MONTEE-ESCALIER-FINIE-I-1152x1536.jpg 1152w, https:\/\/renopro.org\/realisations\/wp-content\/uploads\/2022\/11\/MONTEE-ESCALIER-FINIE-I-1536x2048.jpg 1536w, https:\/\/renopro.org\/realisations\/wp-content\/uploads\/2022\/11\/MONTEE-ESCALIER-FINIE-I-scaled.jpg 1920w\" sizes=\"auto, (max-width: 768px) 100vw, 768px\" \/><figcaption class=\"wp-element-caption\">Mont\u00e9e escalier finie avec rajeunissement des marches<\/figcaption><\/figure>\n\n\n\n<p><\/p>\n<\/div>\n\n\n\n<div class=\"wp-block-column is-layout-flow wp-block-column-is-layout-flow\">\n<figure class=\"wp-block-image size-large\"><img loading=\"lazy\" decoding=\"async\" width=\"768\" height=\"1024\" src=\"https:\/\/renopro.org\/realisations\/wp-content\/uploads\/2022\/11\/PALIER-I-1-768x1024.jpg\" alt=\"\" class=\"wp-image-224\" srcset=\"https:\/\/renopro.org\/realisations\/wp-content\/uploads\/2022\/11\/PALIER-I-1-768x1024.jpg 768w, https:\/\/renopro.org\/realisations\/wp-content\/uploads\/2022\/11\/PALIER-I-1-225x300.jpg 225w, https:\/\/renopro.org\/realisations\/wp-content\/uploads\/2022\/11\/PALIER-I-1-1152x1536.jpg 1152w, https:\/\/renopro.org\/realisations\/wp-content\/uploads\/2022\/11\/PALIER-I-1-1536x2048.jpg 1536w, https:\/\/renopro.org\/realisations\/wp-content\/uploads\/2022\/11\/PALIER-I-1-scaled.jpg 1920w\" sizes=\"auto, (max-width: 768px) 100vw, 768px\" \/><figcaption class=\"wp-element-caption\">Palier avant r\u00e9novation<\/figcaption><\/figure>\n\n\n\n<p><\/p>\n<\/div>\n<\/div>\n\n\n\n<div class=\"wp-block-columns is-layout-flex wp-container-core-columns-is-layout-9d6595d7 wp-block-columns-is-layout-flex\">\n<div class=\"wp-block-column is-layout-flow wp-block-column-is-layout-flow\">\n<figure class=\"wp-block-image size-large\"><img loading=\"lazy\" decoding=\"async\" width=\"768\" height=\"1024\" src=\"https:\/\/renopro.org\/realisations\/wp-content\/uploads\/2022\/11\/MONTEE-ESCALIER-FINIE-768x1024.jpg\" alt=\"\" class=\"wp-image-225\" srcset=\"https:\/\/renopro.org\/realisations\/wp-content\/uploads\/2022\/11\/MONTEE-ESCALIER-FINIE-768x1024.jpg 768w, https:\/\/renopro.org\/realisations\/wp-content\/uploads\/2022\/11\/MONTEE-ESCALIER-FINIE-225x300.jpg 225w, https:\/\/renopro.org\/realisations\/wp-content\/uploads\/2022\/11\/MONTEE-ESCALIER-FINIE-1152x1536.jpg 1152w, https:\/\/renopro.org\/realisations\/wp-content\/uploads\/2022\/11\/MONTEE-ESCALIER-FINIE-1536x2048.jpg 1536w, https:\/\/renopro.org\/realisations\/wp-content\/uploads\/2022\/11\/MONTEE-ESCALIER-FINIE-scaled.jpg 1920w\" sizes=\"auto, (max-width: 768px) 100vw, 768px\" \/><figcaption class=\"wp-element-caption\">Palier fini avec biblioth\u00e8que murale et velux \u00e0 la place de l&rsquo;ancienne lucarne<\/figcaption><\/figure>\n<\/div>\n\n\n\n<div class=\"wp-block-column is-layout-flow wp-block-column-is-layout-flow\">\n<figure class=\"wp-block-image size-large\"><img loading=\"lazy\" decoding=\"async\" width=\"1024\" height=\"768\" src=\"https:\/\/renopro.org\/realisations\/wp-content\/uploads\/2022\/11\/CHAMBRE-PARENTS-EN-COURS-FINITION-1024x768.jpg\" alt=\"\" class=\"wp-image-226\" srcset=\"https:\/\/renopro.org\/realisations\/wp-content\/uploads\/2022\/11\/CHAMBRE-PARENTS-EN-COURS-FINITION-1024x768.jpg 1024w, https:\/\/renopro.org\/realisations\/wp-content\/uploads\/2022\/11\/CHAMBRE-PARENTS-EN-COURS-FINITION-300x225.jpg 300w, https:\/\/renopro.org\/realisations\/wp-content\/uploads\/2022\/11\/CHAMBRE-PARENTS-EN-COURS-FINITION-768x576.jpg 768w, https:\/\/renopro.org\/realisations\/wp-content\/uploads\/2022\/11\/CHAMBRE-PARENTS-EN-COURS-FINITION-1536x1152.jpg 1536w, https:\/\/renopro.org\/realisations\/wp-content\/uploads\/2022\/11\/CHAMBRE-PARENTS-EN-COURS-FINITION-2048x1536.jpg 2048w\" sizes=\"auto, (max-width: 1024px) 100vw, 1024px\" \/><figcaption class=\"wp-element-caption\">Chambre parents en cours de fintion<\/figcaption><\/figure>\n<\/div>\n\n\n\n<div class=\"wp-block-column is-layout-flow wp-block-column-is-layout-flow\">\n<figure class=\"wp-block-image size-large\"><img loading=\"lazy\" decoding=\"async\" width=\"768\" height=\"1024\" src=\"https:\/\/renopro.org\/realisations\/wp-content\/uploads\/2022\/11\/CHAMBRE-ENFANT-FINIE-768x1024.jpg\" alt=\"\" class=\"wp-image-227\" srcset=\"https:\/\/renopro.org\/realisations\/wp-content\/uploads\/2022\/11\/CHAMBRE-ENFANT-FINIE-768x1024.jpg 768w, https:\/\/renopro.org\/realisations\/wp-content\/uploads\/2022\/11\/CHAMBRE-ENFANT-FINIE-225x300.jpg 225w, https:\/\/renopro.org\/realisations\/wp-content\/uploads\/2022\/11\/CHAMBRE-ENFANT-FINIE-1152x1536.jpg 1152w, https:\/\/renopro.org\/realisations\/wp-content\/uploads\/2022\/11\/CHAMBRE-ENFANT-FINIE-1536x2048.jpg 1536w, https:\/\/renopro.org\/realisations\/wp-content\/uploads\/2022\/11\/CHAMBRE-ENFANT-FINIE-scaled.jpg 1920w\" sizes=\"auto, (max-width: 768px) 100vw, 768px\" \/><figcaption class=\"wp-element-caption\">Chambre enfant finie<\/figcaption><\/figure>\n\n\n\n<p><\/p>\n<\/div>\n<\/div>\n\n\n\n<div class=\"wp-block-columns is-layout-flex wp-container-core-columns-is-layout-9d6595d7 wp-block-columns-is-layout-flex\">\n<div class=\"wp-block-column is-layout-flow wp-block-column-is-layout-flow\">\n<figure class=\"wp-block-image size-large\"><img loading=\"lazy\" decoding=\"async\" width=\"1024\" height=\"768\" src=\"https:\/\/renopro.org\/realisations\/wp-content\/uploads\/2022\/11\/SALON-SAJOUR-CUISINE-EN-COURS-FINITION-I-1024x768.jpg\" alt=\"\" class=\"wp-image-228\" srcset=\"https:\/\/renopro.org\/realisations\/wp-content\/uploads\/2022\/11\/SALON-SAJOUR-CUISINE-EN-COURS-FINITION-I-1024x768.jpg 1024w, https:\/\/renopro.org\/realisations\/wp-content\/uploads\/2022\/11\/SALON-SAJOUR-CUISINE-EN-COURS-FINITION-I-300x225.jpg 300w, https:\/\/renopro.org\/realisations\/wp-content\/uploads\/2022\/11\/SALON-SAJOUR-CUISINE-EN-COURS-FINITION-I-768x576.jpg 768w, https:\/\/renopro.org\/realisations\/wp-content\/uploads\/2022\/11\/SALON-SAJOUR-CUISINE-EN-COURS-FINITION-I-1536x1152.jpg 1536w, https:\/\/renopro.org\/realisations\/wp-content\/uploads\/2022\/11\/SALON-SAJOUR-CUISINE-EN-COURS-FINITION-I-2048x1536.jpg 2048w\" sizes=\"auto, (max-width: 1024px) 100vw, 1024px\" \/><figcaption class=\"wp-element-caption\">Salon\/s\u00e9jour cuisine &#8211; Enduits et peinture faits &#8211;  Chauffage \u00e9lectrique avec radiateurs bloc fonte &#8211; spots leds au plafonds<\/figcaption><\/figure>\n<\/div>\n\n\n\n<div class=\"wp-block-column is-layout-flow wp-block-column-is-layout-flow\">\n<figure class=\"wp-block-image size-large\"><img loading=\"lazy\" decoding=\"async\" width=\"1024\" height=\"768\" src=\"https:\/\/renopro.org\/realisations\/wp-content\/uploads\/2022\/11\/SALON-SEJOUR-EN-COURS-FINITION-II-1024x768.jpg\" alt=\"\" class=\"wp-image-229\" srcset=\"https:\/\/renopro.org\/realisations\/wp-content\/uploads\/2022\/11\/SALON-SEJOUR-EN-COURS-FINITION-II-1024x768.jpg 1024w, https:\/\/renopro.org\/realisations\/wp-content\/uploads\/2022\/11\/SALON-SEJOUR-EN-COURS-FINITION-II-300x225.jpg 300w, https:\/\/renopro.org\/realisations\/wp-content\/uploads\/2022\/11\/SALON-SEJOUR-EN-COURS-FINITION-II-768x576.jpg 768w, https:\/\/renopro.org\/realisations\/wp-content\/uploads\/2022\/11\/SALON-SEJOUR-EN-COURS-FINITION-II-1536x1152.jpg 1536w, https:\/\/renopro.org\/realisations\/wp-content\/uploads\/2022\/11\/SALON-SEJOUR-EN-COURS-FINITION-II-2048x1536.jpg 2048w\" sizes=\"auto, (max-width: 1024px) 100vw, 1024px\" \/><figcaption class=\"wp-element-caption\">Entr\u00e9e avec placard et verri\u00e8re &#8211; Carrelage au sol<\/figcaption><\/figure>\n<\/div>\n\n\n\n<div class=\"wp-block-column is-layout-flow wp-block-column-is-layout-flow\">\n<figure class=\"wp-block-image size-large\"><img loading=\"lazy\" decoding=\"async\" width=\"768\" height=\"1024\" src=\"https:\/\/renopro.org\/realisations\/wp-content\/uploads\/2022\/11\/ENTREE-AVEC-VERRIERE-768x1024.jpg\" alt=\"\" class=\"wp-image-230\" srcset=\"https:\/\/renopro.org\/realisations\/wp-content\/uploads\/2022\/11\/ENTREE-AVEC-VERRIERE-768x1024.jpg 768w, https:\/\/renopro.org\/realisations\/wp-content\/uploads\/2022\/11\/ENTREE-AVEC-VERRIERE-225x300.jpg 225w, https:\/\/renopro.org\/realisations\/wp-content\/uploads\/2022\/11\/ENTREE-AVEC-VERRIERE-1152x1536.jpg 1152w, https:\/\/renopro.org\/realisations\/wp-content\/uploads\/2022\/11\/ENTREE-AVEC-VERRIERE-1536x2048.jpg 1536w, https:\/\/renopro.org\/realisations\/wp-content\/uploads\/2022\/11\/ENTREE-AVEC-VERRIERE-scaled.jpg 1920w\" sizes=\"auto, (max-width: 768px) 100vw, 768px\" \/><figcaption class=\"wp-element-caption\">Ferri\u00e8re type atelier faite sur mesure<\/figcaption><\/figure>\n<\/div>\n<\/div>\n\n\n\n<div class=\"wp-block-columns is-layout-flex wp-container-core-columns-is-layout-9d6595d7 wp-block-columns-is-layout-flex\">\n<div class=\"wp-block-column is-layout-flow wp-block-column-is-layout-flow\">\n<figure class=\"wp-block-image size-large\"><img loading=\"lazy\" decoding=\"async\" width=\"768\" height=\"1024\" src=\"https:\/\/renopro.org\/realisations\/wp-content\/uploads\/2022\/11\/SALLE-DEAU-II-1-768x1024.jpg\" alt=\"\" class=\"wp-image-232\" srcset=\"https:\/\/renopro.org\/realisations\/wp-content\/uploads\/2022\/11\/SALLE-DEAU-II-1-768x1024.jpg 768w, https:\/\/renopro.org\/realisations\/wp-content\/uploads\/2022\/11\/SALLE-DEAU-II-1-225x300.jpg 225w, https:\/\/renopro.org\/realisations\/wp-content\/uploads\/2022\/11\/SALLE-DEAU-II-1-1152x1536.jpg 1152w, https:\/\/renopro.org\/realisations\/wp-content\/uploads\/2022\/11\/SALLE-DEAU-II-1-1536x2048.jpg 1536w, https:\/\/renopro.org\/realisations\/wp-content\/uploads\/2022\/11\/SALLE-DEAU-II-1-scaled.jpg 1920w\" sizes=\"auto, (max-width: 768px) 100vw, 768px\" \/><figcaption class=\"wp-element-caption\">Salle d&rsquo;eau compl\u00e8te &#8211; Gamme Alterna de chez C\u00e9d\u00e9o<\/figcaption><\/figure>\n<\/div>\n\n\n\n<div class=\"wp-block-column is-layout-flow wp-block-column-is-layout-flow\">\n<figure class=\"wp-block-image size-large\"><img loading=\"lazy\" decoding=\"async\" width=\"768\" height=\"1024\" src=\"https:\/\/renopro.org\/realisations\/wp-content\/uploads\/2022\/11\/DOUCHE-A-LITALIENNE-768x1024.jpg\" alt=\"\" class=\"wp-image-233\" srcset=\"https:\/\/renopro.org\/realisations\/wp-content\/uploads\/2022\/11\/DOUCHE-A-LITALIENNE-768x1024.jpg 768w, https:\/\/renopro.org\/realisations\/wp-content\/uploads\/2022\/11\/DOUCHE-A-LITALIENNE-225x300.jpg 225w, https:\/\/renopro.org\/realisations\/wp-content\/uploads\/2022\/11\/DOUCHE-A-LITALIENNE-1152x1536.jpg 1152w, https:\/\/renopro.org\/realisations\/wp-content\/uploads\/2022\/11\/DOUCHE-A-LITALIENNE-1536x2048.jpg 1536w, https:\/\/renopro.org\/realisations\/wp-content\/uploads\/2022\/11\/DOUCHE-A-LITALIENNE-scaled.jpg 1920w\" sizes=\"auto, (max-width: 768px) 100vw, 768px\" \/><figcaption class=\"wp-element-caption\">Vraie douche \u00e0 l&rsquo;italienne avec <br>parois fa\u00efenc\u00e9es<\/figcaption><\/figure>\n<\/div>\n\n\n\n<div class=\"wp-block-column is-layout-flow wp-block-column-is-layout-flow\">\n<figure class=\"wp-block-image size-large\"><img loading=\"lazy\" decoding=\"async\" width=\"768\" height=\"1024\" src=\"https:\/\/renopro.org\/realisations\/wp-content\/uploads\/2022\/11\/SALLE-DEAU-FINIE-1-768x1024.jpg\" alt=\"\" class=\"wp-image-236\" srcset=\"https:\/\/renopro.org\/realisations\/wp-content\/uploads\/2022\/11\/SALLE-DEAU-FINIE-1-768x1024.jpg 768w, https:\/\/renopro.org\/realisations\/wp-content\/uploads\/2022\/11\/SALLE-DEAU-FINIE-1-225x300.jpg 225w, https:\/\/renopro.org\/realisations\/wp-content\/uploads\/2022\/11\/SALLE-DEAU-FINIE-1-1152x1536.jpg 1152w, https:\/\/renopro.org\/realisations\/wp-content\/uploads\/2022\/11\/SALLE-DEAU-FINIE-1-1536x2048.jpg 1536w, https:\/\/renopro.org\/realisations\/wp-content\/uploads\/2022\/11\/SALLE-DEAU-FINIE-1-scaled.jpg 1920w\" sizes=\"auto, (max-width: 768px) 100vw, 768px\" \/><\/figure>\n<\/div>\n<\/div>\n\n\n\n<div class=\"wp-block-columns is-layout-flex wp-container-core-columns-is-layout-9d6595d7 wp-block-columns-is-layout-flex\">\n<div class=\"wp-block-column is-layout-flow wp-block-column-is-layout-flow\">\n<figure class=\"wp-block-image size-large\"><img loading=\"lazy\" decoding=\"async\" width=\"1024\" height=\"768\" src=\"https:\/\/renopro.org\/realisations\/wp-content\/uploads\/2022\/11\/CUISINE-FINIE-I-1024x768.jpg\" alt=\"\" class=\"wp-image-237\" srcset=\"https:\/\/renopro.org\/realisations\/wp-content\/uploads\/2022\/11\/CUISINE-FINIE-I-1024x768.jpg 1024w, https:\/\/renopro.org\/realisations\/wp-content\/uploads\/2022\/11\/CUISINE-FINIE-I-300x225.jpg 300w, https:\/\/renopro.org\/realisations\/wp-content\/uploads\/2022\/11\/CUISINE-FINIE-I-768x576.jpg 768w, https:\/\/renopro.org\/realisations\/wp-content\/uploads\/2022\/11\/CUISINE-FINIE-I-1536x1152.jpg 1536w, https:\/\/renopro.org\/realisations\/wp-content\/uploads\/2022\/11\/CUISINE-FINIE-I-2048x1536.jpg 2048w\" sizes=\"auto, (max-width: 1024px) 100vw, 1024px\" \/><figcaption class=\"wp-element-caption\">Cuisine \u00e9quip\u00e9e avec baie vitr\u00e9e &#8211; Terrasse ext\u00e9rieure en bois sur plots<\/figcaption><\/figure>\n<\/div>\n\n\n\n<div class=\"wp-block-column is-layout-flow wp-block-column-is-layout-flow\">\n<figure class=\"wp-block-image size-large\"><img loading=\"lazy\" decoding=\"async\" width=\"1024\" height=\"768\" src=\"https:\/\/renopro.org\/realisations\/wp-content\/uploads\/2022\/11\/CUISINE-FINIE-II-1024x768.jpg\" alt=\"\" class=\"wp-image-238\" srcset=\"https:\/\/renopro.org\/realisations\/wp-content\/uploads\/2022\/11\/CUISINE-FINIE-II-1024x768.jpg 1024w, https:\/\/renopro.org\/realisations\/wp-content\/uploads\/2022\/11\/CUISINE-FINIE-II-300x225.jpg 300w, https:\/\/renopro.org\/realisations\/wp-content\/uploads\/2022\/11\/CUISINE-FINIE-II-768x576.jpg 768w, https:\/\/renopro.org\/realisations\/wp-content\/uploads\/2022\/11\/CUISINE-FINIE-II-1536x1152.jpg 1536w, https:\/\/renopro.org\/realisations\/wp-content\/uploads\/2022\/11\/CUISINE-FINIE-II-2048x1536.jpg 2048w\" sizes=\"auto, (max-width: 1024px) 100vw, 1024px\" \/><figcaption class=\"wp-element-caption\">Cuisine \u00e9quip\u00e9e de jour<\/figcaption><\/figure>\n<\/div>\n\n\n\n<div class=\"wp-block-column is-layout-flow wp-block-column-is-layout-flow\">\n<figure class=\"wp-block-image size-large\"><img loading=\"lazy\" decoding=\"async\" width=\"1024\" height=\"768\" src=\"https:\/\/renopro.org\/realisations\/wp-content\/uploads\/2022\/11\/CUISINE-FINIE-1024x768.jpg\" alt=\"\" class=\"wp-image-239\" srcset=\"https:\/\/renopro.org\/realisations\/wp-content\/uploads\/2022\/11\/CUISINE-FINIE-1024x768.jpg 1024w, https:\/\/renopro.org\/realisations\/wp-content\/uploads\/2022\/11\/CUISINE-FINIE-300x225.jpg 300w, https:\/\/renopro.org\/realisations\/wp-content\/uploads\/2022\/11\/CUISINE-FINIE-768x576.jpg 768w, https:\/\/renopro.org\/realisations\/wp-content\/uploads\/2022\/11\/CUISINE-FINIE-1536x1152.jpg 1536w, https:\/\/renopro.org\/realisations\/wp-content\/uploads\/2022\/11\/CUISINE-FINIE-2048x1536.jpg 2048w\" sizes=\"auto, (max-width: 1024px) 100vw, 1024px\" \/><figcaption class=\"wp-element-caption\">Cuisine \u00e9quip\u00e9e de nuit &#8211; Spots leds allum\u00e9s<\/figcaption><\/figure>\n<\/div>\n<\/div>\n\n\n\n<div class=\"wp-block-columns is-layout-flex wp-container-core-columns-is-layout-9d6595d7 wp-block-columns-is-layout-flex\">\n<div class=\"wp-block-column is-layout-flow wp-block-column-is-layout-flow\">\n<figure class=\"wp-block-image size-large\"><img loading=\"lazy\" decoding=\"async\" width=\"1024\" height=\"768\" src=\"https:\/\/renopro.org\/realisations\/wp-content\/uploads\/2022\/11\/SALON-SALLE-A-MANGER-FINIS-I-1-1024x768.jpg\" alt=\"\" class=\"wp-image-240\" srcset=\"https:\/\/renopro.org\/realisations\/wp-content\/uploads\/2022\/11\/SALON-SALLE-A-MANGER-FINIS-I-1-1024x768.jpg 1024w, https:\/\/renopro.org\/realisations\/wp-content\/uploads\/2022\/11\/SALON-SALLE-A-MANGER-FINIS-I-1-300x225.jpg 300w, https:\/\/renopro.org\/realisations\/wp-content\/uploads\/2022\/11\/SALON-SALLE-A-MANGER-FINIS-I-1-768x576.jpg 768w, https:\/\/renopro.org\/realisations\/wp-content\/uploads\/2022\/11\/SALON-SALLE-A-MANGER-FINIS-I-1-1536x1152.jpg 1536w, https:\/\/renopro.org\/realisations\/wp-content\/uploads\/2022\/11\/SALON-SALLE-A-MANGER-FINIS-I-1-2048x1536.jpg 2048w\" sizes=\"auto, (max-width: 1024px) 100vw, 1024px\" \/><figcaption class=\"wp-element-caption\">Salon\/ salle \u00e0 manger finis<\/figcaption><\/figure>\n<\/div>\n\n\n\n<div class=\"wp-block-column is-layout-flow wp-block-column-is-layout-flow\">\n<figure class=\"wp-block-image size-large\"><img loading=\"lazy\" decoding=\"async\" width=\"1024\" height=\"768\" src=\"https:\/\/renopro.org\/realisations\/wp-content\/uploads\/2022\/11\/SALON-SALLE-A-MANGER-FINIS-II-1024x768.jpg\" alt=\"\" class=\"wp-image-241\" srcset=\"https:\/\/renopro.org\/realisations\/wp-content\/uploads\/2022\/11\/SALON-SALLE-A-MANGER-FINIS-II-1024x768.jpg 1024w, https:\/\/renopro.org\/realisations\/wp-content\/uploads\/2022\/11\/SALON-SALLE-A-MANGER-FINIS-II-300x225.jpg 300w, https:\/\/renopro.org\/realisations\/wp-content\/uploads\/2022\/11\/SALON-SALLE-A-MANGER-FINIS-II-768x576.jpg 768w, https:\/\/renopro.org\/realisations\/wp-content\/uploads\/2022\/11\/SALON-SALLE-A-MANGER-FINIS-II-1536x1152.jpg 1536w, https:\/\/renopro.org\/realisations\/wp-content\/uploads\/2022\/11\/SALON-SALLE-A-MANGER-FINIS-II-2048x1536.jpg 2048w\" sizes=\"auto, (max-width: 1024px) 100vw, 1024px\" \/><figcaption class=\"wp-element-caption\">salon\/salle \u00e0 manger et entr\u00e9e<\/figcaption><\/figure>\n<\/div>\n\n\n\n<div class=\"wp-block-column is-layout-flow wp-block-column-is-layout-flow\">\n<figure class=\"wp-block-image size-large\"><img loading=\"lazy\" decoding=\"async\" width=\"1024\" height=\"768\" src=\"https:\/\/renopro.org\/realisations\/wp-content\/uploads\/2022\/11\/TOITURE-ET-EXTENSION-EN-COURS-DE-TRAVAUX-1024x768.jpg\" alt=\"\" class=\"wp-image-242\" srcset=\"https:\/\/renopro.org\/realisations\/wp-content\/uploads\/2022\/11\/TOITURE-ET-EXTENSION-EN-COURS-DE-TRAVAUX-1024x768.jpg 1024w, https:\/\/renopro.org\/realisations\/wp-content\/uploads\/2022\/11\/TOITURE-ET-EXTENSION-EN-COURS-DE-TRAVAUX-300x225.jpg 300w, https:\/\/renopro.org\/realisations\/wp-content\/uploads\/2022\/11\/TOITURE-ET-EXTENSION-EN-COURS-DE-TRAVAUX-768x576.jpg 768w, https:\/\/renopro.org\/realisations\/wp-content\/uploads\/2022\/11\/TOITURE-ET-EXTENSION-EN-COURS-DE-TRAVAUX-1536x1152.jpg 1536w, https:\/\/renopro.org\/realisations\/wp-content\/uploads\/2022\/11\/TOITURE-ET-EXTENSION-EN-COURS-DE-TRAVAUX-2048x1536.jpg 2048w\" sizes=\"auto, (max-width: 1024px) 100vw, 1024px\" \/><figcaption class=\"wp-element-caption\">Extension en cours de fintion<\/figcaption><\/figure>\n<\/div>\n<\/div>\n\n\n\n<div class=\"wp-block-columns is-layout-flex wp-container-core-columns-is-layout-9d6595d7 wp-block-columns-is-layout-flex\">\n<div class=\"wp-block-column is-layout-flow wp-block-column-is-layout-flow\">\n<figure class=\"wp-block-image size-large\"><img loading=\"lazy\" decoding=\"async\" width=\"768\" height=\"1024\" src=\"https:\/\/renopro.org\/realisations\/wp-content\/uploads\/2022\/11\/SALON-ESTHETIQUE-EN-COURS-FINITION-I-768x1024.jpg\" alt=\"\" class=\"wp-image-243\" srcset=\"https:\/\/renopro.org\/realisations\/wp-content\/uploads\/2022\/11\/SALON-ESTHETIQUE-EN-COURS-FINITION-I-768x1024.jpg 768w, https:\/\/renopro.org\/realisations\/wp-content\/uploads\/2022\/11\/SALON-ESTHETIQUE-EN-COURS-FINITION-I-225x300.jpg 225w, https:\/\/renopro.org\/realisations\/wp-content\/uploads\/2022\/11\/SALON-ESTHETIQUE-EN-COURS-FINITION-I-1152x1536.jpg 1152w, https:\/\/renopro.org\/realisations\/wp-content\/uploads\/2022\/11\/SALON-ESTHETIQUE-EN-COURS-FINITION-I-1536x2048.jpg 1536w, https:\/\/renopro.org\/realisations\/wp-content\/uploads\/2022\/11\/SALON-ESTHETIQUE-EN-COURS-FINITION-I-scaled.jpg 1920w\" sizes=\"auto, (max-width: 768px) 100vw, 768px\" \/><figcaption class=\"wp-element-caption\">Institut de beaut\u00e9 et massage en cours de fintion &#8211; Murs isol\u00e9s &#8211; Sol en carrelage &#8211; Arriv\u00e9es et \u00e9vacuations d&rsquo;eau pour lave mains et machine \u00e0 laver<\/figcaption><\/figure>\n<\/div>\n\n\n\n<div class=\"wp-block-column is-layout-flow wp-block-column-is-layout-flow\">\n<figure class=\"wp-block-image size-large\"><img loading=\"lazy\" decoding=\"async\" width=\"768\" height=\"1024\" src=\"https:\/\/renopro.org\/realisations\/wp-content\/uploads\/2022\/11\/SALON-EXTHETIQUE-EN-COURS-FINITION-II-768x1024.jpg\" alt=\"\" class=\"wp-image-245\" srcset=\"https:\/\/renopro.org\/realisations\/wp-content\/uploads\/2022\/11\/SALON-EXTHETIQUE-EN-COURS-FINITION-II-768x1024.jpg 768w, https:\/\/renopro.org\/realisations\/wp-content\/uploads\/2022\/11\/SALON-EXTHETIQUE-EN-COURS-FINITION-II-225x300.jpg 225w, https:\/\/renopro.org\/realisations\/wp-content\/uploads\/2022\/11\/SALON-EXTHETIQUE-EN-COURS-FINITION-II-1152x1536.jpg 1152w, https:\/\/renopro.org\/realisations\/wp-content\/uploads\/2022\/11\/SALON-EXTHETIQUE-EN-COURS-FINITION-II-1536x2048.jpg 1536w, https:\/\/renopro.org\/realisations\/wp-content\/uploads\/2022\/11\/SALON-EXTHETIQUE-EN-COURS-FINITION-II-scaled.jpg 1920w\" sizes=\"auto, (max-width: 768px) 100vw, 768px\" \/><figcaption class=\"wp-element-caption\">Institut de massage avec porte ent\u00e9e pour les clients et une porte pour acc\u00e8s \u00e0 la maison<\/figcaption><\/figure>\n<\/div>\n\n\n\n<div class=\"wp-block-column is-layout-flow wp-block-column-is-layout-flow\">\n<figure class=\"wp-block-image size-large\"><img loading=\"lazy\" decoding=\"async\" width=\"1024\" height=\"768\" src=\"https:\/\/renopro.org\/realisations\/wp-content\/uploads\/2022\/11\/SALON-ESTHETIQUE-FINI-1024x768.jpg\" alt=\"\" class=\"wp-image-244\" srcset=\"https:\/\/renopro.org\/realisations\/wp-content\/uploads\/2022\/11\/SALON-ESTHETIQUE-FINI-1024x768.jpg 1024w, https:\/\/renopro.org\/realisations\/wp-content\/uploads\/2022\/11\/SALON-ESTHETIQUE-FINI-300x225.jpg 300w, https:\/\/renopro.org\/realisations\/wp-content\/uploads\/2022\/11\/SALON-ESTHETIQUE-FINI-768x576.jpg 768w, https:\/\/renopro.org\/realisations\/wp-content\/uploads\/2022\/11\/SALON-ESTHETIQUE-FINI-1536x1152.jpg 1536w, https:\/\/renopro.org\/realisations\/wp-content\/uploads\/2022\/11\/SALON-ESTHETIQUE-FINI-2048x1536.jpg 2048w\" sizes=\"auto, (max-width: 1024px) 100vw, 1024px\" \/><figcaption class=\"wp-element-caption\">Institut de beaut\u00e9 et massage fini &#8211; \u00e9clairage doux avec spots leds au plafond<\/figcaption><\/figure>\n<\/div>\n<\/div>\n\n\n\n<figure class=\"wp-block-image size-large is-resized\"><img loading=\"lazy\" decoding=\"async\" src=\"https:\/\/renopro.org\/realisations\/wp-content\/uploads\/2022\/11\/FACADE-MAISON-APRES-TRAVAUX-768x1024.jpg\" alt=\"\" class=\"wp-image-246\" width=\"302\" height=\"403\" srcset=\"https:\/\/renopro.org\/realisations\/wp-content\/uploads\/2022\/11\/FACADE-MAISON-APRES-TRAVAUX-768x1024.jpg 768w, https:\/\/renopro.org\/realisations\/wp-content\/uploads\/2022\/11\/FACADE-MAISON-APRES-TRAVAUX-225x300.jpg 225w, https:\/\/renopro.org\/realisations\/wp-content\/uploads\/2022\/11\/FACADE-MAISON-APRES-TRAVAUX-1152x1536.jpg 1152w, https:\/\/renopro.org\/realisations\/wp-content\/uploads\/2022\/11\/FACADE-MAISON-APRES-TRAVAUX-1536x2048.jpg 1536w, https:\/\/renopro.org\/realisations\/wp-content\/uploads\/2022\/11\/FACADE-MAISON-APRES-TRAVAUX-scaled.jpg 1920w\" sizes=\"auto, (max-width: 302px) 100vw, 302px\" \/><figcaption class=\"wp-element-caption\">Maison R\u00e9nov\u00e9e &#8211; Apr\u00e8s les travaux <\/figcaption><\/figure>\n","protected":false},"excerpt":{"rendered":"<p>R\u00e9novation compl\u00e8te d&rsquo;une maison type ami\u00e9noise avec extension sur l&rsquo;arri\u00e8re apr\u00e8s incendie \u00e0 Flixecourt pr\u00e8s d&rsquo;Amiens. Toiture neuve sur la moiti\u00e9 de la maison. R\u00e9seau<\/p>\n","protected":false},"author":1,"featured_media":116,"comment_status":"closed","ping_status":"closed","sticky":false,"template":"","format":"standard","meta":{"footnotes":""},"categories":[5],"tags":[],"class_list":["post-56","post","type-post","status-publish","format-standard","has-post-thumbnail","hentry","category-renovation"],"_links":{"self":[{"href":"https:\/\/renopro.org\/realisations\/wp-json\/wp\/v2\/posts\/56","targetHints":{"allow":["GET"]}}],"collection":[{"href":"https:\/\/renopro.org\/realisations\/wp-json\/wp\/v2\/posts"}],"about":[{"href":"https:\/\/renopro.org\/realisations\/wp-json\/wp\/v2\/types\/post"}],"author":[{"embeddable":true,"href":"https:\/\/renopro.org\/realisations\/wp-json\/wp\/v2\/users\/1"}],"replies":[{"embeddable":true,"href":"https:\/\/renopro.org\/realisations\/wp-json\/wp\/v2\/comments?post=56"}],"version-history":[{"count":3,"href":"https:\/\/renopro.org\/realisations\/wp-json\/wp\/v2\/posts\/56\/revisions"}],"predecessor-version":[{"id":320,"href":"https:\/\/renopro.org\/realisations\/wp-json\/wp\/v2\/posts\/56\/revisions\/320"}],"wp:featuredmedia":[{"embeddable":true,"href":"https:\/\/renopro.org\/realisations\/wp-json\/wp\/v2\/media\/116"}],"wp:attachment":[{"href":"https:\/\/renopro.org\/realisations\/wp-json\/wp\/v2\/media?parent=56"}],"wp:term":[{"taxonomy":"category","embeddable":true,"href":"https:\/\/renopro.org\/realisations\/wp-json\/wp\/v2\/categories?post=56"},{"taxonomy":"post_tag","embeddable":true,"href":"https:\/\/renopro.org\/realisations\/wp-json\/wp\/v2\/tags?post=56"}],"curies":[{"name":"wp","href":"https:\/\/api.w.org\/{rel}","templated":true}]}}