{"id":375,"date":"2023-05-17T19:41:25","date_gmt":"2023-05-17T17:41:25","guid":{"rendered":"https:\/\/renopro.org\/realisations\/?p=375"},"modified":"2023-05-17T19:51:37","modified_gmt":"2023-05-17T17:51:37","slug":"amiens-transformation-dune-grange-en-loft","status":"publish","type":"post","link":"https:\/\/renopro.org\/realisations\/2023\/05\/17\/amiens-transformation-dune-grange-en-loft\/","title":{"rendered":"AMIENS &#8211; TRANSFORMATION D&rsquo;UNE GRANGE EN LOFT"},"content":{"rendered":"\n<div class=\"wp-block-columns is-layout-flex wp-container-core-columns-is-layout-9d6595d7 wp-block-columns-is-layout-flex\">\n<div class=\"wp-block-column is-layout-flow wp-block-column-is-layout-flow\">\n<figure class=\"wp-block-image size-large is-resized\"><img loading=\"lazy\" decoding=\"async\" src=\"https:\/\/renopro.org\/realisations\/wp-content\/uploads\/2023\/05\/2-1024x768.jpg\" alt=\"\" class=\"wp-image-387\" width=\"256\" height=\"192\" srcset=\"https:\/\/renopro.org\/realisations\/wp-content\/uploads\/2023\/05\/2-1024x768.jpg 1024w, https:\/\/renopro.org\/realisations\/wp-content\/uploads\/2023\/05\/2-300x225.jpg 300w, https:\/\/renopro.org\/realisations\/wp-content\/uploads\/2023\/05\/2-768x576.jpg 768w, https:\/\/renopro.org\/realisations\/wp-content\/uploads\/2023\/05\/2-1536x1152.jpg 1536w, https:\/\/renopro.org\/realisations\/wp-content\/uploads\/2023\/05\/2-2048x1536.jpg 2048w\" sizes=\"auto, (max-width: 256px) 100vw, 256px\" \/><figcaption class=\"wp-element-caption\">Etat de d\u00e9part de la grange<\/figcaption><\/figure>\n<\/div>\n\n\n\n<div class=\"wp-block-column is-layout-flow wp-block-column-is-layout-flow\">\n<figure class=\"wp-block-image size-large\"><img loading=\"lazy\" decoding=\"async\" width=\"1024\" height=\"768\" src=\"https:\/\/renopro.org\/realisations\/wp-content\/uploads\/2023\/05\/1-1024x768.jpg\" alt=\"\" class=\"wp-image-388\" srcset=\"https:\/\/renopro.org\/realisations\/wp-content\/uploads\/2023\/05\/1-1024x768.jpg 1024w, https:\/\/renopro.org\/realisations\/wp-content\/uploads\/2023\/05\/1-300x225.jpg 300w, https:\/\/renopro.org\/realisations\/wp-content\/uploads\/2023\/05\/1-768x576.jpg 768w, https:\/\/renopro.org\/realisations\/wp-content\/uploads\/2023\/05\/1-1536x1152.jpg 1536w, https:\/\/renopro.org\/realisations\/wp-content\/uploads\/2023\/05\/1-2048x1536.jpg 2048w\" sizes=\"auto, (max-width: 1024px) 100vw, 1024px\" \/><figcaption class=\"wp-element-caption\">Vue sur la charpente \u00e0 consolider<\/figcaption><\/figure>\n<\/div>\n\n\n\n<div class=\"wp-block-column is-layout-flow wp-block-column-is-layout-flow\">\n<figure class=\"wp-block-image size-large\"><img loading=\"lazy\" decoding=\"async\" width=\"768\" height=\"1024\" src=\"https:\/\/renopro.org\/realisations\/wp-content\/uploads\/2023\/05\/4-768x1024.jpg\" alt=\"\" class=\"wp-image-389\" srcset=\"https:\/\/renopro.org\/realisations\/wp-content\/uploads\/2023\/05\/4-768x1024.jpg 768w, https:\/\/renopro.org\/realisations\/wp-content\/uploads\/2023\/05\/4-225x300.jpg 225w, https:\/\/renopro.org\/realisations\/wp-content\/uploads\/2023\/05\/4-1152x1536.jpg 1152w, https:\/\/renopro.org\/realisations\/wp-content\/uploads\/2023\/05\/4-1536x2048.jpg 1536w, https:\/\/renopro.org\/realisations\/wp-content\/uploads\/2023\/05\/4-scaled.jpg 1920w\" sizes=\"auto, (max-width: 768px) 100vw, 768px\" \/><figcaption class=\"wp-element-caption\">Travaux de consolidation de la charpente &#8211; Reprise du mur de pignon<\/figcaption><\/figure>\n<\/div>\n<\/div>\n\n\n\n<div class=\"wp-block-columns is-layout-flex wp-container-core-columns-is-layout-9d6595d7 wp-block-columns-is-layout-flex\">\n<div class=\"wp-block-column is-layout-flow wp-block-column-is-layout-flow\">\n<figure class=\"wp-block-image size-large\"><img loading=\"lazy\" decoding=\"async\" width=\"1024\" height=\"768\" src=\"https:\/\/renopro.org\/realisations\/wp-content\/uploads\/2023\/05\/5-1024x768.jpg\" alt=\"\" class=\"wp-image-390\" srcset=\"https:\/\/renopro.org\/realisations\/wp-content\/uploads\/2023\/05\/5-1024x768.jpg 1024w, https:\/\/renopro.org\/realisations\/wp-content\/uploads\/2023\/05\/5-300x225.jpg 300w, https:\/\/renopro.org\/realisations\/wp-content\/uploads\/2023\/05\/5-768x576.jpg 768w, https:\/\/renopro.org\/realisations\/wp-content\/uploads\/2023\/05\/5-1536x1152.jpg 1536w, https:\/\/renopro.org\/realisations\/wp-content\/uploads\/2023\/05\/5-2048x1536.jpg 2048w\" sizes=\"auto, (max-width: 1024px) 100vw, 1024px\" \/><figcaption class=\"wp-element-caption\">Renforcement des 2 c\u00f4t\u00e9s de la charpente<\/figcaption><\/figure>\n\n\n\n<p><\/p>\n<\/div>\n\n\n\n<div class=\"wp-block-column is-layout-flow wp-block-column-is-layout-flow\">\n<figure class=\"wp-block-image size-large\"><img loading=\"lazy\" decoding=\"async\" width=\"1024\" height=\"768\" src=\"https:\/\/renopro.org\/realisations\/wp-content\/uploads\/2023\/05\/6-1024x768.jpg\" alt=\"\" class=\"wp-image-391\" srcset=\"https:\/\/renopro.org\/realisations\/wp-content\/uploads\/2023\/05\/6-1024x768.jpg 1024w, https:\/\/renopro.org\/realisations\/wp-content\/uploads\/2023\/05\/6-300x225.jpg 300w, https:\/\/renopro.org\/realisations\/wp-content\/uploads\/2023\/05\/6-768x576.jpg 768w, https:\/\/renopro.org\/realisations\/wp-content\/uploads\/2023\/05\/6-1536x1152.jpg 1536w, https:\/\/renopro.org\/realisations\/wp-content\/uploads\/2023\/05\/6-2048x1536.jpg 2048w\" sizes=\"auto, (max-width: 1024px) 100vw, 1024px\" \/><figcaption class=\"wp-element-caption\">D\u00e9pose tuiles, pose d&rsquo;un \u00e9cran de sous-toiture, pose de tuiles neuves, isolant et des premi\u00e8res plaque de placo<\/figcaption><\/figure>\n\n\n\n<p><\/p>\n<\/div>\n\n\n\n<div class=\"wp-block-column is-layout-flow wp-block-column-is-layout-flow\">\n<figure class=\"wp-block-image size-large\"><img loading=\"lazy\" decoding=\"async\" width=\"768\" height=\"1024\" src=\"https:\/\/renopro.org\/realisations\/wp-content\/uploads\/2023\/05\/7-768x1024.jpg\" alt=\"\" class=\"wp-image-392\" srcset=\"https:\/\/renopro.org\/realisations\/wp-content\/uploads\/2023\/05\/7-768x1024.jpg 768w, https:\/\/renopro.org\/realisations\/wp-content\/uploads\/2023\/05\/7-225x300.jpg 225w, https:\/\/renopro.org\/realisations\/wp-content\/uploads\/2023\/05\/7-1152x1536.jpg 1152w, https:\/\/renopro.org\/realisations\/wp-content\/uploads\/2023\/05\/7-1536x2048.jpg 1536w, https:\/\/renopro.org\/realisations\/wp-content\/uploads\/2023\/05\/7-scaled.jpg 1920w\" sizes=\"auto, (max-width: 768px) 100vw, 768px\" \/><figcaption class=\"wp-element-caption\">Isolation en laine de bois en 300 mm d \u00e9paisseur sous rampants et aux murs<\/figcaption><\/figure>\n\n\n\n<p><\/p>\n<\/div>\n<\/div>\n\n\n\n<div class=\"wp-block-columns is-layout-flex wp-container-core-columns-is-layout-9d6595d7 wp-block-columns-is-layout-flex\">\n<div class=\"wp-block-column is-layout-flow wp-block-column-is-layout-flow\">\n<figure class=\"wp-block-image size-large\"><img loading=\"lazy\" decoding=\"async\" width=\"1024\" height=\"768\" src=\"https:\/\/renopro.org\/realisations\/wp-content\/uploads\/2023\/05\/9-1024x768.jpg\" alt=\"\" class=\"wp-image-393\" srcset=\"https:\/\/renopro.org\/realisations\/wp-content\/uploads\/2023\/05\/9-1024x768.jpg 1024w, https:\/\/renopro.org\/realisations\/wp-content\/uploads\/2023\/05\/9-300x225.jpg 300w, https:\/\/renopro.org\/realisations\/wp-content\/uploads\/2023\/05\/9-768x576.jpg 768w, https:\/\/renopro.org\/realisations\/wp-content\/uploads\/2023\/05\/9-1536x1152.jpg 1536w, https:\/\/renopro.org\/realisations\/wp-content\/uploads\/2023\/05\/9-2048x1536.jpg 2048w\" sizes=\"auto, (max-width: 1024px) 100vw, 1024px\" \/><figcaption class=\"wp-element-caption\">Habillage des rampants, encuvements et murs &#8211; Pose d&rsquo;un po\u00eale \u00e0 pellets<\/figcaption><\/figure>\n\n\n\n<p><\/p>\n<\/div>\n\n\n\n<div class=\"wp-block-column is-layout-flow wp-block-column-is-layout-flow\">\n<figure class=\"wp-block-image size-large\"><img loading=\"lazy\" decoding=\"async\" width=\"1024\" height=\"768\" src=\"https:\/\/renopro.org\/realisations\/wp-content\/uploads\/2023\/05\/10-1024x768.jpg\" alt=\"\" class=\"wp-image-394\" srcset=\"https:\/\/renopro.org\/realisations\/wp-content\/uploads\/2023\/05\/10-1024x768.jpg 1024w, https:\/\/renopro.org\/realisations\/wp-content\/uploads\/2023\/05\/10-300x225.jpg 300w, https:\/\/renopro.org\/realisations\/wp-content\/uploads\/2023\/05\/10-768x576.jpg 768w, https:\/\/renopro.org\/realisations\/wp-content\/uploads\/2023\/05\/10-1536x1152.jpg 1536w, https:\/\/renopro.org\/realisations\/wp-content\/uploads\/2023\/05\/10-2048x1536.jpg 2048w\" sizes=\"auto, (max-width: 1024px) 100vw, 1024px\" \/><figcaption class=\"wp-element-caption\">Cr\u00e9ation de la mezzanine<\/figcaption><\/figure>\n<\/div>\n\n\n\n<div class=\"wp-block-column is-layout-flow wp-block-column-is-layout-flow\">\n<figure class=\"wp-block-image size-large\"><img loading=\"lazy\" decoding=\"async\" width=\"1024\" height=\"768\" src=\"https:\/\/renopro.org\/realisations\/wp-content\/uploads\/2023\/05\/11-1024x768.jpg\" alt=\"\" class=\"wp-image-395\" srcset=\"https:\/\/renopro.org\/realisations\/wp-content\/uploads\/2023\/05\/11-1024x768.jpg 1024w, https:\/\/renopro.org\/realisations\/wp-content\/uploads\/2023\/05\/11-300x225.jpg 300w, https:\/\/renopro.org\/realisations\/wp-content\/uploads\/2023\/05\/11-768x576.jpg 768w, https:\/\/renopro.org\/realisations\/wp-content\/uploads\/2023\/05\/11-1536x1152.jpg 1536w, https:\/\/renopro.org\/realisations\/wp-content\/uploads\/2023\/05\/11-2048x1536.jpg 2048w\" sizes=\"auto, (max-width: 1024px) 100vw, 1024px\" \/><figcaption class=\"wp-element-caption\">Pose d&rsquo;un escalier m\u00e9tallique finition aspect rouille<\/figcaption><\/figure>\n<\/div>\n<\/div>\n\n\n\n<div class=\"wp-block-columns is-layout-flex wp-container-core-columns-is-layout-9d6595d7 wp-block-columns-is-layout-flex\">\n<div class=\"wp-block-column is-layout-flow wp-block-column-is-layout-flow\">\n<figure class=\"wp-block-image size-large\"><img loading=\"lazy\" decoding=\"async\" width=\"1024\" height=\"768\" src=\"https:\/\/renopro.org\/realisations\/wp-content\/uploads\/2023\/05\/13-1024x768.jpg\" alt=\"\" class=\"wp-image-396\" srcset=\"https:\/\/renopro.org\/realisations\/wp-content\/uploads\/2023\/05\/13-1024x768.jpg 1024w, https:\/\/renopro.org\/realisations\/wp-content\/uploads\/2023\/05\/13-300x225.jpg 300w, https:\/\/renopro.org\/realisations\/wp-content\/uploads\/2023\/05\/13-768x576.jpg 768w, https:\/\/renopro.org\/realisations\/wp-content\/uploads\/2023\/05\/13-1536x1152.jpg 1536w, https:\/\/renopro.org\/realisations\/wp-content\/uploads\/2023\/05\/13-2048x1536.jpg 2048w\" sizes=\"auto, (max-width: 1024px) 100vw, 1024px\" \/><figcaption class=\"wp-element-caption\">Aper\u00e7u salon\/s\u00e9jour, future cuisine \u00e0 l&rsquo;am\u00e9ricaine, mezzanine au dessus de la chambre enfant <\/figcaption><\/figure>\n<\/div>\n\n\n\n<div class=\"wp-block-column is-layout-flow wp-block-column-is-layout-flow\">\n<figure class=\"wp-block-image size-large\"><img loading=\"lazy\" decoding=\"async\" width=\"1024\" height=\"768\" src=\"https:\/\/renopro.org\/realisations\/wp-content\/uploads\/2023\/05\/15-1024x768.jpg\" alt=\"\" class=\"wp-image-397\" srcset=\"https:\/\/renopro.org\/realisations\/wp-content\/uploads\/2023\/05\/15-1024x768.jpg 1024w, https:\/\/renopro.org\/realisations\/wp-content\/uploads\/2023\/05\/15-300x225.jpg 300w, https:\/\/renopro.org\/realisations\/wp-content\/uploads\/2023\/05\/15-768x576.jpg 768w, https:\/\/renopro.org\/realisations\/wp-content\/uploads\/2023\/05\/15-1536x1152.jpg 1536w, https:\/\/renopro.org\/realisations\/wp-content\/uploads\/2023\/05\/15-2048x1536.jpg 2048w\" sizes=\"auto, (max-width: 1024px) 100vw, 1024px\" \/><figcaption class=\"wp-element-caption\">Pose de la cuisine \u00e9quip\u00e9e<\/figcaption><\/figure>\n<\/div>\n\n\n\n<div class=\"wp-block-column is-layout-flow wp-block-column-is-layout-flow\">\n<figure class=\"wp-block-image size-large\"><img loading=\"lazy\" decoding=\"async\" width=\"768\" height=\"1024\" src=\"https:\/\/renopro.org\/realisations\/wp-content\/uploads\/2023\/05\/19-768x1024.jpg\" alt=\"\" class=\"wp-image-400\" srcset=\"https:\/\/renopro.org\/realisations\/wp-content\/uploads\/2023\/05\/19-768x1024.jpg 768w, https:\/\/renopro.org\/realisations\/wp-content\/uploads\/2023\/05\/19-225x300.jpg 225w, https:\/\/renopro.org\/realisations\/wp-content\/uploads\/2023\/05\/19-1152x1536.jpg 1152w, https:\/\/renopro.org\/realisations\/wp-content\/uploads\/2023\/05\/19-1536x2048.jpg 1536w, https:\/\/renopro.org\/realisations\/wp-content\/uploads\/2023\/05\/19-scaled.jpg 1920w\" sizes=\"auto, (max-width: 768px) 100vw, 768px\" \/><figcaption class=\"wp-element-caption\">Mezzanine avec verri\u00e8res style atelier &#8211; Parquet massif dans salon\/s\u00e9jour<\/figcaption><\/figure>\n<\/div>\n<\/div>\n\n\n\n<div class=\"wp-block-columns is-layout-flex wp-container-core-columns-is-layout-9d6595d7 wp-block-columns-is-layout-flex\">\n<div class=\"wp-block-column is-layout-flow wp-block-column-is-layout-flow\">\n<figure class=\"wp-block-image size-large\"><img loading=\"lazy\" decoding=\"async\" width=\"768\" height=\"1024\" src=\"https:\/\/renopro.org\/realisations\/wp-content\/uploads\/2023\/05\/16-768x1024.jpg\" alt=\"\" class=\"wp-image-401\" srcset=\"https:\/\/renopro.org\/realisations\/wp-content\/uploads\/2023\/05\/16-768x1024.jpg 768w, https:\/\/renopro.org\/realisations\/wp-content\/uploads\/2023\/05\/16-225x300.jpg 225w, https:\/\/renopro.org\/realisations\/wp-content\/uploads\/2023\/05\/16-1152x1536.jpg 1152w, https:\/\/renopro.org\/realisations\/wp-content\/uploads\/2023\/05\/16-1536x2048.jpg 1536w, https:\/\/renopro.org\/realisations\/wp-content\/uploads\/2023\/05\/16-scaled.jpg 1920w\" sizes=\"auto, (max-width: 768px) 100vw, 768px\" \/><figcaption class=\"wp-element-caption\">WC suspendu &#8211; Sol en teck avec joints noirs dans l&rsquo;esprit pont de bateau<\/figcaption><\/figure>\n<\/div>\n\n\n\n<div class=\"wp-block-column is-layout-flow wp-block-column-is-layout-flow\">\n<figure class=\"wp-block-image size-large\"><img loading=\"lazy\" decoding=\"async\" width=\"768\" height=\"1024\" src=\"https:\/\/renopro.org\/realisations\/wp-content\/uploads\/2023\/05\/17-768x1024.jpg\" alt=\"\" class=\"wp-image-402\" srcset=\"https:\/\/renopro.org\/realisations\/wp-content\/uploads\/2023\/05\/17-768x1024.jpg 768w, https:\/\/renopro.org\/realisations\/wp-content\/uploads\/2023\/05\/17-225x300.jpg 225w, https:\/\/renopro.org\/realisations\/wp-content\/uploads\/2023\/05\/17-1152x1536.jpg 1152w, https:\/\/renopro.org\/realisations\/wp-content\/uploads\/2023\/05\/17-1536x2048.jpg 1536w, https:\/\/renopro.org\/realisations\/wp-content\/uploads\/2023\/05\/17-scaled.jpg 1920w\" sizes=\"auto, (max-width: 768px) 100vw, 768px\" \/><figcaption class=\"wp-element-caption\">Une des salles d&rsquo;eau du Loft<\/figcaption><\/figure>\n<\/div>\n\n\n\n<div class=\"wp-block-column is-layout-flow wp-block-column-is-layout-flow\">\n<figure class=\"wp-block-image size-large\"><img loading=\"lazy\" decoding=\"async\" width=\"1024\" height=\"768\" src=\"https:\/\/renopro.org\/realisations\/wp-content\/uploads\/2023\/05\/18-1-1024x768.jpg\" alt=\"\" class=\"wp-image-403\" srcset=\"https:\/\/renopro.org\/realisations\/wp-content\/uploads\/2023\/05\/18-1-1024x768.jpg 1024w, https:\/\/renopro.org\/realisations\/wp-content\/uploads\/2023\/05\/18-1-300x225.jpg 300w, https:\/\/renopro.org\/realisations\/wp-content\/uploads\/2023\/05\/18-1-768x576.jpg 768w, https:\/\/renopro.org\/realisations\/wp-content\/uploads\/2023\/05\/18-1-1536x1152.jpg 1536w, https:\/\/renopro.org\/realisations\/wp-content\/uploads\/2023\/05\/18-1-2048x1536.jpg 2048w\" sizes=\"auto, (max-width: 1024px) 100vw, 1024px\" \/><figcaption class=\"wp-element-caption\">Porte chambre avant d\u00e9coration<\/figcaption><\/figure>\n<\/div>\n<\/div>\n\n\n\n<div class=\"wp-block-columns is-layout-flex wp-container-core-columns-is-layout-9d6595d7 wp-block-columns-is-layout-flex\">\n<div class=\"wp-block-column is-layout-flow wp-block-column-is-layout-flow\">\n<figure class=\"wp-block-image size-large\"><img loading=\"lazy\" decoding=\"async\" width=\"768\" height=\"1024\" src=\"https:\/\/renopro.org\/realisations\/wp-content\/uploads\/2023\/05\/20-768x1024.jpg\" alt=\"\" class=\"wp-image-404\" srcset=\"https:\/\/renopro.org\/realisations\/wp-content\/uploads\/2023\/05\/20-768x1024.jpg 768w, https:\/\/renopro.org\/realisations\/wp-content\/uploads\/2023\/05\/20-225x300.jpg 225w, https:\/\/renopro.org\/realisations\/wp-content\/uploads\/2023\/05\/20-1152x1536.jpg 1152w, https:\/\/renopro.org\/realisations\/wp-content\/uploads\/2023\/05\/20-1536x2048.jpg 1536w, https:\/\/renopro.org\/realisations\/wp-content\/uploads\/2023\/05\/20-scaled.jpg 1920w\" sizes=\"auto, (max-width: 768px) 100vw, 768px\" \/><figcaption class=\"wp-element-caption\">Porte chambre &#8211; Effet porte de coffre fort<\/figcaption><\/figure>\n<\/div>\n\n\n\n<div class=\"wp-block-column is-layout-flow wp-block-column-is-layout-flow\">\n<figure class=\"wp-block-image size-large\"><img loading=\"lazy\" decoding=\"async\" width=\"1024\" height=\"768\" src=\"https:\/\/renopro.org\/realisations\/wp-content\/uploads\/2023\/05\/21-1024x768.jpg\" alt=\"\" class=\"wp-image-405\" srcset=\"https:\/\/renopro.org\/realisations\/wp-content\/uploads\/2023\/05\/21-1024x768.jpg 1024w, https:\/\/renopro.org\/realisations\/wp-content\/uploads\/2023\/05\/21-300x225.jpg 300w, https:\/\/renopro.org\/realisations\/wp-content\/uploads\/2023\/05\/21-768x576.jpg 768w, https:\/\/renopro.org\/realisations\/wp-content\/uploads\/2023\/05\/21-1536x1152.jpg 1536w, https:\/\/renopro.org\/realisations\/wp-content\/uploads\/2023\/05\/21-2048x1536.jpg 2048w\" sizes=\"auto, (max-width: 1024px) 100vw, 1024px\" \/><figcaption class=\"wp-element-caption\">Peinture en trompe l&rsquo;oeil sur du placo<\/figcaption><\/figure>\n<\/div>\n\n\n\n<div class=\"wp-block-column is-layout-flow wp-block-column-is-layout-flow\">\n<figure class=\"wp-block-image size-large\"><img loading=\"lazy\" decoding=\"async\" width=\"768\" height=\"1024\" src=\"https:\/\/renopro.org\/realisations\/wp-content\/uploads\/2023\/05\/22-768x1024.jpg\" alt=\"\" class=\"wp-image-406\" srcset=\"https:\/\/renopro.org\/realisations\/wp-content\/uploads\/2023\/05\/22-768x1024.jpg 768w, https:\/\/renopro.org\/realisations\/wp-content\/uploads\/2023\/05\/22-225x300.jpg 225w, https:\/\/renopro.org\/realisations\/wp-content\/uploads\/2023\/05\/22-1152x1536.jpg 1152w, https:\/\/renopro.org\/realisations\/wp-content\/uploads\/2023\/05\/22-1536x2048.jpg 1536w, https:\/\/renopro.org\/realisations\/wp-content\/uploads\/2023\/05\/22-scaled.jpg 1920w\" sizes=\"auto, (max-width: 768px) 100vw, 768px\" \/><figcaption class=\"wp-element-caption\">Habillage placo et d\u00e9cor en trompr l&rsquo;oeil<\/figcaption><\/figure>\n<\/div>\n<\/div>\n\n\n\n<figure class=\"wp-block-image size-full\"><img loading=\"lazy\" decoding=\"async\" width=\"772\" height=\"469\" src=\"https:\/\/renopro.org\/realisations\/wp-content\/uploads\/2023\/05\/maison-r.png\" alt=\"\" class=\"wp-image-407\" srcset=\"https:\/\/renopro.org\/realisations\/wp-content\/uploads\/2023\/05\/maison-r.png 772w, https:\/\/renopro.org\/realisations\/wp-content\/uploads\/2023\/05\/maison-r-300x182.png 300w, https:\/\/renopro.org\/realisations\/wp-content\/uploads\/2023\/05\/maison-r-768x467.png 768w\" sizes=\"auto, (max-width: 772px) 100vw, 772px\" \/><figcaption class=\"wp-element-caption\">Vue de l&rsquo;ext\u00e9rieur &#8211; Enduit gratt\u00e9 &#8211; Portes et fen\u00eatres en aluminium &#8211; Raccordement au r\u00e9seau \u00e9lectrique fait<\/figcaption><\/figure>\n","protected":false},"excerpt":{"rendered":"","protected":false},"author":1,"featured_media":400,"comment_status":"open","ping_status":"open","sticky":false,"template":"","format":"standard","meta":{"footnotes":""},"categories":[1,5],"tags":[],"class_list":["post-375","post","type-post","status-publish","format-standard","has-post-thumbnail","hentry","category-non-classe","category-renovation"],"_links":{"self":[{"href":"https:\/\/renopro.org\/realisations\/wp-json\/wp\/v2\/posts\/375","targetHints":{"allow":["GET"]}}],"collection":[{"href":"https:\/\/renopro.org\/realisations\/wp-json\/wp\/v2\/posts"}],"about":[{"href":"https:\/\/renopro.org\/realisations\/wp-json\/wp\/v2\/types\/post"}],"author":[{"embeddable":true,"href":"https:\/\/renopro.org\/realisations\/wp-json\/wp\/v2\/users\/1"}],"replies":[{"embeddable":true,"href":"https:\/\/renopro.org\/realisations\/wp-json\/wp\/v2\/comments?post=375"}],"version-history":[{"count":2,"href":"https:\/\/renopro.org\/realisations\/wp-json\/wp\/v2\/posts\/375\/revisions"}],"predecessor-version":[{"id":408,"href":"https:\/\/renopro.org\/realisations\/wp-json\/wp\/v2\/posts\/375\/revisions\/408"}],"wp:featuredmedia":[{"embeddable":true,"href":"https:\/\/renopro.org\/realisations\/wp-json\/wp\/v2\/media\/400"}],"wp:attachment":[{"href":"https:\/\/renopro.org\/realisations\/wp-json\/wp\/v2\/media?parent=375"}],"wp:term":[{"taxonomy":"category","embeddable":true,"href":"https:\/\/renopro.org\/realisations\/wp-json\/wp\/v2\/categories?post=375"},{"taxonomy":"post_tag","embeddable":true,"href":"https:\/\/renopro.org\/realisations\/wp-json\/wp\/v2\/tags?post=375"}],"curies":[{"name":"wp","href":"https:\/\/api.w.org\/{rel}","templated":true}]}}