{"id":300,"date":"2023-03-15T15:41:58","date_gmt":"2023-03-15T14:41:58","guid":{"rendered":"https:\/\/renopro.org\/realisations\/?p=300"},"modified":"2023-03-16T08:25:01","modified_gmt":"2023-03-16T07:25:01","slug":"creation-dune-terrasse-metallique-amiens-centre","status":"publish","type":"post","link":"https:\/\/renopro.org\/realisations\/2023\/03\/15\/creation-dune-terrasse-metallique-amiens-centre\/","title":{"rendered":"AMIENS CENTRE &#8211; CREATION D&rsquo;UNE TERRASSE METALLIQUE"},"content":{"rendered":"\n<p class=\"has-medium-font-size\">Ou comment cr\u00e9er un espace suppl\u00e9mentaire sans sacrifier la cour int\u00e9rieure et pouvoir profiter du soleil en plein centre ville dans une cour int\u00e9rieure<\/p>\n\n\n\n<div class=\"wp-block-columns is-layout-flex wp-container-core-columns-is-layout-9d6595d7 wp-block-columns-is-layout-flex\">\n<div class=\"wp-block-column is-layout-flow wp-block-column-is-layout-flow\">\n<figure class=\"wp-block-image size-large\"><img loading=\"lazy\" decoding=\"async\" width=\"1024\" height=\"576\" src=\"https:\/\/renopro.org\/realisations\/wp-content\/uploads\/2023\/03\/TERRASSE-METALLIQUE-EN-COURS-AMIENS-1024x576.jpg\" alt=\"\" class=\"wp-image-301\" srcset=\"https:\/\/renopro.org\/realisations\/wp-content\/uploads\/2023\/03\/TERRASSE-METALLIQUE-EN-COURS-AMIENS-1024x576.jpg 1024w, https:\/\/renopro.org\/realisations\/wp-content\/uploads\/2023\/03\/TERRASSE-METALLIQUE-EN-COURS-AMIENS-300x169.jpg 300w, https:\/\/renopro.org\/realisations\/wp-content\/uploads\/2023\/03\/TERRASSE-METALLIQUE-EN-COURS-AMIENS-768x432.jpg 768w, https:\/\/renopro.org\/realisations\/wp-content\/uploads\/2023\/03\/TERRASSE-METALLIQUE-EN-COURS-AMIENS-1536x864.jpg 1536w, https:\/\/renopro.org\/realisations\/wp-content\/uploads\/2023\/03\/TERRASSE-METALLIQUE-EN-COURS-AMIENS-2048x1152.jpg 2048w\" sizes=\"auto, (max-width: 1024px) 100vw, 1024px\" \/><figcaption class=\"wp-element-caption\">Structure porteuse<\/figcaption><\/figure>\n<\/div>\n\n\n\n<div class=\"wp-block-column is-layout-flow wp-block-column-is-layout-flow\">\n<figure class=\"wp-block-image size-large\"><img loading=\"lazy\" decoding=\"async\" width=\"1024\" height=\"576\" src=\"https:\/\/renopro.org\/realisations\/wp-content\/uploads\/2023\/03\/TERRASSE-METALLIQUE-CENTRE-VILLE-AMIENS-1024x576.jpg\" alt=\"\" class=\"wp-image-302\" srcset=\"https:\/\/renopro.org\/realisations\/wp-content\/uploads\/2023\/03\/TERRASSE-METALLIQUE-CENTRE-VILLE-AMIENS-1024x576.jpg 1024w, https:\/\/renopro.org\/realisations\/wp-content\/uploads\/2023\/03\/TERRASSE-METALLIQUE-CENTRE-VILLE-AMIENS-300x169.jpg 300w, https:\/\/renopro.org\/realisations\/wp-content\/uploads\/2023\/03\/TERRASSE-METALLIQUE-CENTRE-VILLE-AMIENS-768x432.jpg 768w, https:\/\/renopro.org\/realisations\/wp-content\/uploads\/2023\/03\/TERRASSE-METALLIQUE-CENTRE-VILLE-AMIENS-1536x864.jpg 1536w, https:\/\/renopro.org\/realisations\/wp-content\/uploads\/2023\/03\/TERRASSE-METALLIQUE-CENTRE-VILLE-AMIENS-2048x1152.jpg 2048w\" sizes=\"auto, (max-width: 1024px) 100vw, 1024px\" \/><figcaption class=\"wp-element-caption\">Ancrage structure dans les 2 murs et poteaux scell\u00e9s dans le sol<\/figcaption><\/figure>\n<\/div>\n<\/div>\n\n\n\n<div class=\"wp-block-columns is-layout-flex wp-container-core-columns-is-layout-9d6595d7 wp-block-columns-is-layout-flex\">\n<div class=\"wp-block-column is-layout-flow wp-block-column-is-layout-flow\">\n<figure class=\"wp-block-image size-large\"><img loading=\"lazy\" decoding=\"async\" width=\"1024\" height=\"576\" src=\"https:\/\/renopro.org\/realisations\/wp-content\/uploads\/2023\/03\/TERRASSE-METALLIQUE-BOIS-COMPOSITE-AMIENS-1024x576.jpg\" alt=\"\" class=\"wp-image-303\" srcset=\"https:\/\/renopro.org\/realisations\/wp-content\/uploads\/2023\/03\/TERRASSE-METALLIQUE-BOIS-COMPOSITE-AMIENS-1024x576.jpg 1024w, https:\/\/renopro.org\/realisations\/wp-content\/uploads\/2023\/03\/TERRASSE-METALLIQUE-BOIS-COMPOSITE-AMIENS-300x169.jpg 300w, https:\/\/renopro.org\/realisations\/wp-content\/uploads\/2023\/03\/TERRASSE-METALLIQUE-BOIS-COMPOSITE-AMIENS-768x432.jpg 768w, https:\/\/renopro.org\/realisations\/wp-content\/uploads\/2023\/03\/TERRASSE-METALLIQUE-BOIS-COMPOSITE-AMIENS-1536x864.jpg 1536w, https:\/\/renopro.org\/realisations\/wp-content\/uploads\/2023\/03\/TERRASSE-METALLIQUE-BOIS-COMPOSITE-AMIENS-2048x1152.jpg 2048w\" sizes=\"auto, (max-width: 1024px) 100vw, 1024px\" \/><figcaption class=\"wp-element-caption\">Garde corps inox et terrasse en bois composite<\/figcaption><\/figure>\n\n\n\n<p><\/p>\n<\/div>\n\n\n\n<div class=\"wp-block-column is-layout-flow wp-block-column-is-layout-flow\">\n<figure class=\"wp-block-image size-large\"><img loading=\"lazy\" decoding=\"async\" width=\"576\" height=\"1024\" src=\"https:\/\/renopro.org\/realisations\/wp-content\/uploads\/2023\/03\/TERRASSE-METALLIQUE-AMIENS-FINIE-576x1024.jpg\" alt=\"\" class=\"wp-image-304\" srcset=\"https:\/\/renopro.org\/realisations\/wp-content\/uploads\/2023\/03\/TERRASSE-METALLIQUE-AMIENS-FINIE-576x1024.jpg 576w, https:\/\/renopro.org\/realisations\/wp-content\/uploads\/2023\/03\/TERRASSE-METALLIQUE-AMIENS-FINIE-169x300.jpg 169w, https:\/\/renopro.org\/realisations\/wp-content\/uploads\/2023\/03\/TERRASSE-METALLIQUE-AMIENS-FINIE-768x1365.jpg 768w, https:\/\/renopro.org\/realisations\/wp-content\/uploads\/2023\/03\/TERRASSE-METALLIQUE-AMIENS-FINIE-864x1536.jpg 864w, https:\/\/renopro.org\/realisations\/wp-content\/uploads\/2023\/03\/TERRASSE-METALLIQUE-AMIENS-FINIE-1152x2048.jpg 1152w, https:\/\/renopro.org\/realisations\/wp-content\/uploads\/2023\/03\/TERRASSE-METALLIQUE-AMIENS-FINIE-scaled.jpg 1440w\" sizes=\"auto, (max-width: 576px) 100vw, 576px\" \/><figcaption class=\"wp-element-caption\">Terrasse finie avec changement de la baie vitr\u00e9e<\/figcaption><\/figure>\n\n\n\n<p><\/p>\n<\/div>\n<\/div>\n","protected":false},"excerpt":{"rendered":"<p>Ou comment cr\u00e9er un espace suppl\u00e9mentaire sans sacrifier la cour int\u00e9rieure et pouvoir profiter du soleil en plein centre ville dans une cour int\u00e9rieure<\/p>\n","protected":false},"author":1,"featured_media":303,"comment_status":"open","ping_status":"open","sticky":false,"template":"","format":"standard","meta":{"footnotes":""},"categories":[6,5],"tags":[],"class_list":["post-300","post","type-post","status-publish","format-standard","has-post-thumbnail","hentry","category-fabrication","category-renovation"],"_links":{"self":[{"href":"https:\/\/renopro.org\/realisations\/wp-json\/wp\/v2\/posts\/300","targetHints":{"allow":["GET"]}}],"collection":[{"href":"https:\/\/renopro.org\/realisations\/wp-json\/wp\/v2\/posts"}],"about":[{"href":"https:\/\/renopro.org\/realisations\/wp-json\/wp\/v2\/types\/post"}],"author":[{"embeddable":true,"href":"https:\/\/renopro.org\/realisations\/wp-json\/wp\/v2\/users\/1"}],"replies":[{"embeddable":true,"href":"https:\/\/renopro.org\/realisations\/wp-json\/wp\/v2\/comments?post=300"}],"version-history":[{"count":2,"href":"https:\/\/renopro.org\/realisations\/wp-json\/wp\/v2\/posts\/300\/revisions"}],"predecessor-version":[{"id":325,"href":"https:\/\/renopro.org\/realisations\/wp-json\/wp\/v2\/posts\/300\/revisions\/325"}],"wp:featuredmedia":[{"embeddable":true,"href":"https:\/\/renopro.org\/realisations\/wp-json\/wp\/v2\/media\/303"}],"wp:attachment":[{"href":"https:\/\/renopro.org\/realisations\/wp-json\/wp\/v2\/media?parent=300"}],"wp:term":[{"taxonomy":"category","embeddable":true,"href":"https:\/\/renopro.org\/realisations\/wp-json\/wp\/v2\/categories?post=300"},{"taxonomy":"post_tag","embeddable":true,"href":"https:\/\/renopro.org\/realisations\/wp-json\/wp\/v2\/tags?post=300"}],"curies":[{"name":"wp","href":"https:\/\/api.w.org\/{rel}","templated":true}]}}