{"id":294,"date":"2023-03-15T15:25:38","date_gmt":"2023-03-15T14:25:38","guid":{"rendered":"https:\/\/renopro.org\/realisations\/?p=294"},"modified":"2023-07-31T11:55:42","modified_gmt":"2023-07-31T09:55:42","slug":"renovation-de-facade-proce-amiens","status":"publish","type":"post","link":"https:\/\/renopro.org\/realisations\/2023\/03\/15\/renovation-de-facade-proce-amiens\/","title":{"rendered":"PROCHE AMIENS &#8211; TRANSFORMATION D&rsquo;UNE ANCIENNE FERME EN 2 LOGEMENTS A USAGE LOCATTIF"},"content":{"rendered":"\n<p><\/p>\n\n\n\n<p>D\u00e9pose bardage, d\u00e9pose du torchis, d\u00e9pose de la chemin\u00e9e, remontage mur en parpaings, enduit gratt\u00e9, changement des menuiseries et pose de 4 VELUX<\/p>\n\n\n\n<p>Cr\u00e9ation de 2 logements de type F3 et F4 <\/p>\n\n\n\n<div class=\"wp-block-columns is-layout-flex wp-container-core-columns-is-layout-9d6595d7 wp-block-columns-is-layout-flex\">\n<div class=\"wp-block-column is-layout-flow wp-block-column-is-layout-flow\">\n<figure class=\"wp-block-image size-large is-resized\"><img loading=\"lazy\" decoding=\"async\" src=\"https:\/\/renopro.org\/realisations\/wp-content\/uploads\/2023\/03\/FACADE-LONGERE-AVANT-TRAVAUX-1024x576.jpg\" alt=\"\" class=\"wp-image-295\" width=\"408\" height=\"229\" srcset=\"https:\/\/renopro.org\/realisations\/wp-content\/uploads\/2023\/03\/FACADE-LONGERE-AVANT-TRAVAUX-1024x576.jpg 1024w, https:\/\/renopro.org\/realisations\/wp-content\/uploads\/2023\/03\/FACADE-LONGERE-AVANT-TRAVAUX-300x169.jpg 300w, https:\/\/renopro.org\/realisations\/wp-content\/uploads\/2023\/03\/FACADE-LONGERE-AVANT-TRAVAUX-768x432.jpg 768w, https:\/\/renopro.org\/realisations\/wp-content\/uploads\/2023\/03\/FACADE-LONGERE-AVANT-TRAVAUX-1536x864.jpg 1536w, https:\/\/renopro.org\/realisations\/wp-content\/uploads\/2023\/03\/FACADE-LONGERE-AVANT-TRAVAUX-2048x1152.jpg 2048w\" sizes=\"auto, (max-width: 408px) 100vw, 408px\" \/><figcaption class=\"wp-element-caption\">AVANT<\/figcaption><\/figure>\n<\/div>\n\n\n\n<div class=\"wp-block-column is-layout-flow wp-block-column-is-layout-flow\">\n<figure class=\"wp-block-image size-large\"><img loading=\"lazy\" decoding=\"async\" width=\"1024\" height=\"768\" src=\"https:\/\/renopro.org\/realisations\/wp-content\/uploads\/2023\/03\/FACADE-APRES-TRAVAUX-1024x768.jpg\" alt=\"\" class=\"wp-image-296\" srcset=\"https:\/\/renopro.org\/realisations\/wp-content\/uploads\/2023\/03\/FACADE-APRES-TRAVAUX-1024x768.jpg 1024w, https:\/\/renopro.org\/realisations\/wp-content\/uploads\/2023\/03\/FACADE-APRES-TRAVAUX-300x225.jpg 300w, https:\/\/renopro.org\/realisations\/wp-content\/uploads\/2023\/03\/FACADE-APRES-TRAVAUX-768x576.jpg 768w, https:\/\/renopro.org\/realisations\/wp-content\/uploads\/2023\/03\/FACADE-APRES-TRAVAUX-1536x1152.jpg 1536w, https:\/\/renopro.org\/realisations\/wp-content\/uploads\/2023\/03\/FACADE-APRES-TRAVAUX-2048x1536.jpg 2048w\" sizes=\"auto, (max-width: 1024px) 100vw, 1024px\" \/><figcaption class=\"wp-element-caption\">APRES TRAVAUX<\/figcaption><\/figure>\n<\/div>\n<\/div>\n\n\n\n<p><\/p>\n","protected":false},"excerpt":{"rendered":"<p>D\u00e9pose bardage, d\u00e9pose du torchis, d\u00e9pose de la chemin\u00e9e, remontage mur en parpaings, enduit gratt\u00e9, changement des menuiseries et pose de 4 VELUX Cr\u00e9ation de<\/p>\n","protected":false},"author":1,"featured_media":295,"comment_status":"open","ping_status":"open","sticky":false,"template":"","format":"standard","meta":{"footnotes":""},"categories":[7,5],"tags":[],"class_list":["post-294","post","type-post","status-publish","format-standard","has-post-thumbnail","hentry","category-isolation","category-renovation"],"_links":{"self":[{"href":"https:\/\/renopro.org\/realisations\/wp-json\/wp\/v2\/posts\/294","targetHints":{"allow":["GET"]}}],"collection":[{"href":"https:\/\/renopro.org\/realisations\/wp-json\/wp\/v2\/posts"}],"about":[{"href":"https:\/\/renopro.org\/realisations\/wp-json\/wp\/v2\/types\/post"}],"author":[{"embeddable":true,"href":"https:\/\/renopro.org\/realisations\/wp-json\/wp\/v2\/users\/1"}],"replies":[{"embeddable":true,"href":"https:\/\/renopro.org\/realisations\/wp-json\/wp\/v2\/comments?post=294"}],"version-history":[{"count":6,"href":"https:\/\/renopro.org\/realisations\/wp-json\/wp\/v2\/posts\/294\/revisions"}],"predecessor-version":[{"id":483,"href":"https:\/\/renopro.org\/realisations\/wp-json\/wp\/v2\/posts\/294\/revisions\/483"}],"wp:featuredmedia":[{"embeddable":true,"href":"https:\/\/renopro.org\/realisations\/wp-json\/wp\/v2\/media\/295"}],"wp:attachment":[{"href":"https:\/\/renopro.org\/realisations\/wp-json\/wp\/v2\/media?parent=294"}],"wp:term":[{"taxonomy":"category","embeddable":true,"href":"https:\/\/renopro.org\/realisations\/wp-json\/wp\/v2\/categories?post=294"},{"taxonomy":"post_tag","embeddable":true,"href":"https:\/\/renopro.org\/realisations\/wp-json\/wp\/v2\/tags?post=294"}],"curies":[{"name":"wp","href":"https:\/\/api.w.org\/{rel}","templated":true}]}}