{"id":140,"date":"2022-09-01T15:07:23","date_gmt":"2022-09-01T13:07:23","guid":{"rendered":"http:\/\/renopro.org\/realisations\/?p=140"},"modified":"2022-11-23T15:46:50","modified_gmt":"2022-11-23T14:46:50","slug":"une-petite-salle-de-bains","status":"publish","type":"post","link":"https:\/\/renopro.org\/realisations\/2022\/09\/01\/une-petite-salle-de-bains\/","title":{"rendered":"AMIENS CENTRE &#8211; RENOVATION COMPLETE D&rsquo;UNE PETITE SALLE DE BAINS"},"content":{"rendered":"\n<p>Relookage d&rsquo;une salle de bains au 1\u00b0 \u00e9tage d&rsquo;une ami\u00e9noise<\/p>\n\n\n\n<figure class=\"wp-block-gallery has-nested-images columns-default is-cropped wp-block-gallery-1 is-layout-flex wp-block-gallery-is-layout-flex\">\n<figure class=\"wp-block-image size-large\"><img loading=\"lazy\" decoding=\"async\" width=\"576\" height=\"1024\" data-id=\"143\" src=\"https:\/\/renopro.org\/realisations\/wp-content\/uploads\/2022\/09\/salle-de-bain-avant-I-576x1024.jpg\" alt=\"\" class=\"wp-image-143\" srcset=\"https:\/\/renopro.org\/realisations\/wp-content\/uploads\/2022\/09\/salle-de-bain-avant-I-576x1024.jpg 576w, https:\/\/renopro.org\/realisations\/wp-content\/uploads\/2022\/09\/salle-de-bain-avant-I-169x300.jpg 169w, https:\/\/renopro.org\/realisations\/wp-content\/uploads\/2022\/09\/salle-de-bain-avant-I-768x1365.jpg 768w, https:\/\/renopro.org\/realisations\/wp-content\/uploads\/2022\/09\/salle-de-bain-avant-I-864x1536.jpg 864w, https:\/\/renopro.org\/realisations\/wp-content\/uploads\/2022\/09\/salle-de-bain-avant-I-1152x2048.jpg 1152w, https:\/\/renopro.org\/realisations\/wp-content\/uploads\/2022\/09\/salle-de-bain-avant-I-scaled.jpg 1440w\" sizes=\"auto, (max-width: 576px) 100vw, 576px\" \/><figcaption class=\"wp-element-caption\">Salle de bains des ann\u00e9es 1960 avec porte coulissante avant travaux<\/figcaption><\/figure>\n\n\n\n<figure class=\"wp-block-image size-large\"><img loading=\"lazy\" decoding=\"async\" width=\"576\" height=\"1024\" data-id=\"146\" src=\"https:\/\/renopro.org\/realisations\/wp-content\/uploads\/2022\/09\/salle-de-bain-avant-II-576x1024.jpg\" alt=\"\" class=\"wp-image-146\" srcset=\"https:\/\/renopro.org\/realisations\/wp-content\/uploads\/2022\/09\/salle-de-bain-avant-II-576x1024.jpg 576w, https:\/\/renopro.org\/realisations\/wp-content\/uploads\/2022\/09\/salle-de-bain-avant-II-169x300.jpg 169w, https:\/\/renopro.org\/realisations\/wp-content\/uploads\/2022\/09\/salle-de-bain-avant-II-768x1365.jpg 768w, https:\/\/renopro.org\/realisations\/wp-content\/uploads\/2022\/09\/salle-de-bain-avant-II-864x1536.jpg 864w, https:\/\/renopro.org\/realisations\/wp-content\/uploads\/2022\/09\/salle-de-bain-avant-II-1152x2048.jpg 1152w, https:\/\/renopro.org\/realisations\/wp-content\/uploads\/2022\/09\/salle-de-bain-avant-II-scaled.jpg 1440w\" sizes=\"auto, (max-width: 576px) 100vw, 576px\" \/><figcaption class=\"wp-element-caption\">Le d\u00e9fi : faire de cette salle de bains vieillote un endroit agr\u00e9able<\/figcaption><\/figure>\n\n\n\n<figure class=\"wp-block-image size-large\"><img loading=\"lazy\" decoding=\"async\" width=\"576\" height=\"1024\" data-id=\"142\" src=\"https:\/\/renopro.org\/realisations\/wp-content\/uploads\/2022\/09\/salle-de-bain-avant-III-576x1024.jpg\" alt=\"\" class=\"wp-image-142\" srcset=\"https:\/\/renopro.org\/realisations\/wp-content\/uploads\/2022\/09\/salle-de-bain-avant-III-576x1024.jpg 576w, https:\/\/renopro.org\/realisations\/wp-content\/uploads\/2022\/09\/salle-de-bain-avant-III-169x300.jpg 169w, https:\/\/renopro.org\/realisations\/wp-content\/uploads\/2022\/09\/salle-de-bain-avant-III-768x1365.jpg 768w, https:\/\/renopro.org\/realisations\/wp-content\/uploads\/2022\/09\/salle-de-bain-avant-III-864x1536.jpg 864w, https:\/\/renopro.org\/realisations\/wp-content\/uploads\/2022\/09\/salle-de-bain-avant-III-1152x2048.jpg 1152w, https:\/\/renopro.org\/realisations\/wp-content\/uploads\/2022\/09\/salle-de-bain-avant-III-scaled.jpg 1440w\" sizes=\"auto, (max-width: 576px) 100vw, 576px\" \/><figcaption class=\"wp-element-caption\">Salle de bains tout en longueur sans VMC ni \u00e9l\u00e9ment de confort<\/figcaption><\/figure>\n\n\n\n<figure class=\"wp-block-image size-large\"><img loading=\"lazy\" decoding=\"async\" width=\"576\" height=\"1024\" data-id=\"144\" src=\"https:\/\/renopro.org\/realisations\/wp-content\/uploads\/2022\/09\/salle-de-bain-avant-IV-576x1024.jpg\" alt=\"\" class=\"wp-image-144\" srcset=\"https:\/\/renopro.org\/realisations\/wp-content\/uploads\/2022\/09\/salle-de-bain-avant-IV-576x1024.jpg 576w, https:\/\/renopro.org\/realisations\/wp-content\/uploads\/2022\/09\/salle-de-bain-avant-IV-169x300.jpg 169w, https:\/\/renopro.org\/realisations\/wp-content\/uploads\/2022\/09\/salle-de-bain-avant-IV-768x1365.jpg 768w, https:\/\/renopro.org\/realisations\/wp-content\/uploads\/2022\/09\/salle-de-bain-avant-IV-864x1536.jpg 864w, https:\/\/renopro.org\/realisations\/wp-content\/uploads\/2022\/09\/salle-de-bain-avant-IV-1152x2048.jpg 1152w, https:\/\/renopro.org\/realisations\/wp-content\/uploads\/2022\/09\/salle-de-bain-avant-IV-scaled.jpg 1440w\" sizes=\"auto, (max-width: 576px) 100vw, 576px\" \/><figcaption class=\"wp-element-caption\">Une d\u00e9pose de radiateur pour gagner de la place<\/figcaption><\/figure>\n\n\n\n<figure class=\"wp-block-image size-large\"><img loading=\"lazy\" decoding=\"async\" width=\"576\" height=\"1024\" data-id=\"145\" src=\"https:\/\/renopro.org\/realisations\/wp-content\/uploads\/2022\/09\/salle-de-bain-avant-V-576x1024.jpg\" alt=\"\" class=\"wp-image-145\" srcset=\"https:\/\/renopro.org\/realisations\/wp-content\/uploads\/2022\/09\/salle-de-bain-avant-V-576x1024.jpg 576w, https:\/\/renopro.org\/realisations\/wp-content\/uploads\/2022\/09\/salle-de-bain-avant-V-169x300.jpg 169w, https:\/\/renopro.org\/realisations\/wp-content\/uploads\/2022\/09\/salle-de-bain-avant-V-768x1365.jpg 768w, https:\/\/renopro.org\/realisations\/wp-content\/uploads\/2022\/09\/salle-de-bain-avant-V-864x1536.jpg 864w, https:\/\/renopro.org\/realisations\/wp-content\/uploads\/2022\/09\/salle-de-bain-avant-V-1152x2048.jpg 1152w, https:\/\/renopro.org\/realisations\/wp-content\/uploads\/2022\/09\/salle-de-bain-avant-V-scaled.jpg 1440w\" sizes=\"auto, (max-width: 576px) 100vw, 576px\" \/><figcaption class=\"wp-element-caption\">Antique chauffe-eau \u00e0 gaz \u00e0 d\u00e9monter et \u00e0 remplacer par un neuf<\/figcaption><\/figure>\n\n\n\n<figure class=\"wp-block-image size-large\"><img loading=\"lazy\" decoding=\"async\" width=\"768\" height=\"1024\" data-id=\"141\" src=\"https:\/\/renopro.org\/realisations\/wp-content\/uploads\/2022\/09\/salle-de-bain-apres-travaux.jpg\" alt=\"\" class=\"wp-image-141\" srcset=\"https:\/\/renopro.org\/realisations\/wp-content\/uploads\/2022\/09\/salle-de-bain-apres-travaux.jpg 768w, https:\/\/renopro.org\/realisations\/wp-content\/uploads\/2022\/09\/salle-de-bain-apres-travaux-225x300.jpg 225w\" sizes=\"auto, (max-width: 768px) 100vw, 768px\" \/><figcaption class=\"wp-element-caption\">La salle de bains apr\u00e8s travaux, avec un espace \u00e9clair\u00e9, une bagnoire enchass\u00e9e, un habillage teck avec joints bateaux, un chauffe-eau extra plat et un extracteur d&rsquo;air hygror\u00e9glable et une fa\u00efence claire sur les murs<\/figcaption><\/figure>\n<\/figure>\n","protected":false},"excerpt":{"rendered":"<p>Relookage d&rsquo;une salle de bains au 1\u00b0 \u00e9tage d&rsquo;une ami\u00e9noise<\/p>\n","protected":false},"author":1,"featured_media":147,"comment_status":"closed","ping_status":"closed","sticky":false,"template":"","format":"standard","meta":{"footnotes":""},"categories":[5],"tags":[],"class_list":["post-140","post","type-post","status-publish","format-standard","has-post-thumbnail","hentry","category-renovation"],"_links":{"self":[{"href":"https:\/\/renopro.org\/realisations\/wp-json\/wp\/v2\/posts\/140","targetHints":{"allow":["GET"]}}],"collection":[{"href":"https:\/\/renopro.org\/realisations\/wp-json\/wp\/v2\/posts"}],"about":[{"href":"https:\/\/renopro.org\/realisations\/wp-json\/wp\/v2\/types\/post"}],"author":[{"embeddable":true,"href":"https:\/\/renopro.org\/realisations\/wp-json\/wp\/v2\/users\/1"}],"replies":[{"embeddable":true,"href":"https:\/\/renopro.org\/realisations\/wp-json\/wp\/v2\/comments?post=140"}],"version-history":[{"count":4,"href":"https:\/\/renopro.org\/realisations\/wp-json\/wp\/v2\/posts\/140\/revisions"}],"predecessor-version":[{"id":181,"href":"https:\/\/renopro.org\/realisations\/wp-json\/wp\/v2\/posts\/140\/revisions\/181"}],"wp:featuredmedia":[{"embeddable":true,"href":"https:\/\/renopro.org\/realisations\/wp-json\/wp\/v2\/media\/147"}],"wp:attachment":[{"href":"https:\/\/renopro.org\/realisations\/wp-json\/wp\/v2\/media?parent=140"}],"wp:term":[{"taxonomy":"category","embeddable":true,"href":"https:\/\/renopro.org\/realisations\/wp-json\/wp\/v2\/categories?post=140"},{"taxonomy":"post_tag","embeddable":true,"href":"https:\/\/renopro.org\/realisations\/wp-json\/wp\/v2\/tags?post=140"}],"curies":[{"name":"wp","href":"https:\/\/api.w.org\/{rel}","templated":true}]}}