{"id":132,"date":"2022-09-01T15:04:55","date_gmt":"2022-09-01T13:04:55","guid":{"rendered":"http:\/\/renopro.org\/realisations\/?p=132"},"modified":"2023-03-16T08:22:21","modified_gmt":"2023-03-16T07:22:21","slug":"terrasse-metallique","status":"publish","type":"post","link":"https:\/\/renopro.org\/realisations\/2022\/09\/01\/terrasse-metallique\/","title":{"rendered":"AMIENS &#8211; VERRIERES D&rsquo;ATELIER"},"content":{"rendered":"\n<p>Cr\u00e9ation de tout type de verri\u00e8res style atelier sur mesure \u00e0 Amiens et d\u00e9partement de la Somme<\/p>\n\n\n\n<figure class=\"wp-block-gallery has-nested-images columns-default is-cropped wp-block-gallery-1 is-layout-flex wp-block-gallery-is-layout-flex\">\n<figure class=\"wp-block-image size-large\"><img loading=\"lazy\" decoding=\"async\" width=\"1024\" height=\"768\" data-id=\"137\" src=\"https:\/\/renopro.org\/realisations\/wp-content\/uploads\/2022\/09\/5-1024x768.jpg\" alt=\"\" class=\"wp-image-137\" srcset=\"https:\/\/renopro.org\/realisations\/wp-content\/uploads\/2022\/09\/5-1024x768.jpg 1024w, https:\/\/renopro.org\/realisations\/wp-content\/uploads\/2022\/09\/5-300x225.jpg 300w, https:\/\/renopro.org\/realisations\/wp-content\/uploads\/2022\/09\/5-768x576.jpg 768w, https:\/\/renopro.org\/realisations\/wp-content\/uploads\/2022\/09\/5-1536x1152.jpg 1536w, https:\/\/renopro.org\/realisations\/wp-content\/uploads\/2022\/09\/5-2048x1536.jpg 2048w\" sizes=\"auto, (max-width: 1024px) 100vw, 1024px\" \/><figcaption class=\"wp-element-caption\">R\u00e9novation d&rsquo;une maison \u00e0 Amiens &#8211; Cr\u00e9ation d&rsquo;une verri\u00e8re au pied d&rsquo;un escalier et d&rsquo;une deuxi\u00e8me verri\u00e8re pour amener de la lumi\u00e8re dans la cuisine<\/figcaption><\/figure>\n\n\n\n<figure class=\"wp-block-image size-large\"><img loading=\"lazy\" decoding=\"async\" width=\"768\" height=\"1024\" data-id=\"136\" src=\"https:\/\/renopro.org\/realisations\/wp-content\/uploads\/2022\/09\/1-768x1024.jpg\" alt=\"\" class=\"wp-image-136\" srcset=\"https:\/\/renopro.org\/realisations\/wp-content\/uploads\/2022\/09\/1-768x1024.jpg 768w, https:\/\/renopro.org\/realisations\/wp-content\/uploads\/2022\/09\/1-225x300.jpg 225w, https:\/\/renopro.org\/realisations\/wp-content\/uploads\/2022\/09\/1-1152x1536.jpg 1152w, https:\/\/renopro.org\/realisations\/wp-content\/uploads\/2022\/09\/1-1536x2048.jpg 1536w, https:\/\/renopro.org\/realisations\/wp-content\/uploads\/2022\/09\/1-scaled.jpg 1920w\" sizes=\"auto, (max-width: 768px) 100vw, 768px\" \/><figcaption class=\"wp-element-caption\">Rajout d&rsquo;une porte m\u00e9tallique pour donner un cachet industriel<\/figcaption><\/figure>\n\n\n\n<figure class=\"wp-block-image size-large\"><img loading=\"lazy\" decoding=\"async\" width=\"941\" height=\"531\" data-id=\"133\" src=\"https:\/\/renopro.org\/realisations\/wp-content\/uploads\/2022\/09\/3.jpg\" alt=\"\" class=\"wp-image-133\" srcset=\"https:\/\/renopro.org\/realisations\/wp-content\/uploads\/2022\/09\/3.jpg 941w, https:\/\/renopro.org\/realisations\/wp-content\/uploads\/2022\/09\/3-300x169.jpg 300w, https:\/\/renopro.org\/realisations\/wp-content\/uploads\/2022\/09\/3-768x433.jpg 768w\" sizes=\"auto, (max-width: 941px) 100vw, 941px\" \/><figcaption class=\"wp-element-caption\">Cr\u00e9ation d&rsquo;une verri\u00e8re style atelier pour une future cuisine dans maison \u00e0 Amiens<\/figcaption><\/figure>\n\n\n\n<figure class=\"wp-block-image size-large\"><img loading=\"lazy\" decoding=\"async\" width=\"941\" height=\"531\" data-id=\"135\" src=\"https:\/\/renopro.org\/realisations\/wp-content\/uploads\/2022\/09\/4.jpg\" alt=\"\" class=\"wp-image-135\" srcset=\"https:\/\/renopro.org\/realisations\/wp-content\/uploads\/2022\/09\/4.jpg 941w, https:\/\/renopro.org\/realisations\/wp-content\/uploads\/2022\/09\/4-300x169.jpg 300w, https:\/\/renopro.org\/realisations\/wp-content\/uploads\/2022\/09\/4-768x433.jpg 768w\" sizes=\"auto, (max-width: 941px) 100vw, 941px\" \/><figcaption class=\"wp-element-caption\">Verri\u00e8re pour future cuisine \u00e9quip\u00e9e pour gagner en luminosit\u00e9<\/figcaption><\/figure>\n<\/figure>\n\n\n\n<figure class=\"wp-block-image size-large is-resized\"><img loading=\"lazy\" decoding=\"async\" src=\"https:\/\/renopro.org\/realisations\/wp-content\/uploads\/2022\/11\/Transformation-amienoise-en-logements-768x1024.jpg\" alt=\"\" class=\"wp-image-187\" width=\"841\" height=\"1122\" srcset=\"https:\/\/renopro.org\/realisations\/wp-content\/uploads\/2022\/11\/Transformation-amienoise-en-logements-768x1024.jpg 768w, https:\/\/renopro.org\/realisations\/wp-content\/uploads\/2022\/11\/Transformation-amienoise-en-logements-225x300.jpg 225w, https:\/\/renopro.org\/realisations\/wp-content\/uploads\/2022\/11\/Transformation-amienoise-en-logements-1152x1536.jpg 1152w, https:\/\/renopro.org\/realisations\/wp-content\/uploads\/2022\/11\/Transformation-amienoise-en-logements-rotated.jpg 1536w\" sizes=\"auto, (max-width: 841px) 100vw, 841px\" \/><figcaption class=\"wp-element-caption\">Ameins centre &#8211; Dans immeuble Verri\u00e8res style atelier d&rsquo;un studio pour donner un esprit loft et de la profondeur et apporter de la luli\u00e8re dans un petit logement<\/figcaption><\/figure>\n\n\n\n<p><\/p>\n","protected":false},"excerpt":{"rendered":"<p>Cr\u00e9ation de tout type de verri\u00e8res style atelier sur mesure \u00e0 Amiens et d\u00e9partement de la Somme<\/p>\n","protected":false},"author":1,"featured_media":138,"comment_status":"closed","ping_status":"closed","sticky":false,"template":"","format":"standard","meta":{"footnotes":""},"categories":[6,5],"tags":[],"class_list":["post-132","post","type-post","status-publish","format-standard","has-post-thumbnail","hentry","category-fabrication","category-renovation"],"_links":{"self":[{"href":"https:\/\/renopro.org\/realisations\/wp-json\/wp\/v2\/posts\/132","targetHints":{"allow":["GET"]}}],"collection":[{"href":"https:\/\/renopro.org\/realisations\/wp-json\/wp\/v2\/posts"}],"about":[{"href":"https:\/\/renopro.org\/realisations\/wp-json\/wp\/v2\/types\/post"}],"author":[{"embeddable":true,"href":"https:\/\/renopro.org\/realisations\/wp-json\/wp\/v2\/users\/1"}],"replies":[{"embeddable":true,"href":"https:\/\/renopro.org\/realisations\/wp-json\/wp\/v2\/comments?post=132"}],"version-history":[{"count":6,"href":"https:\/\/renopro.org\/realisations\/wp-json\/wp\/v2\/posts\/132\/revisions"}],"predecessor-version":[{"id":321,"href":"https:\/\/renopro.org\/realisations\/wp-json\/wp\/v2\/posts\/132\/revisions\/321"}],"wp:featuredmedia":[{"embeddable":true,"href":"https:\/\/renopro.org\/realisations\/wp-json\/wp\/v2\/media\/138"}],"wp:attachment":[{"href":"https:\/\/renopro.org\/realisations\/wp-json\/wp\/v2\/media?parent=132"}],"wp:term":[{"taxonomy":"category","embeddable":true,"href":"https:\/\/renopro.org\/realisations\/wp-json\/wp\/v2\/categories?post=132"},{"taxonomy":"post_tag","embeddable":true,"href":"https:\/\/renopro.org\/realisations\/wp-json\/wp\/v2\/tags?post=132"}],"curies":[{"name":"wp","href":"https:\/\/api.w.org\/{rel}","templated":true}]}}